{"id":25427,"date":"2026-04-30T12:11:23","date_gmt":"2026-04-30T11:11:23","guid":{"rendered":"https:\/\/illyes-dombovar.hu\/honlap\/?p=25427"},"modified":"2026-04-30T12:12:38","modified_gmt":"2026-04-30T11:12:38","slug":"ujabb-fantasztikus-eredmenyek-az-atletika-diakolimpia-egyeni-es-valtofuto-palyabajnoksag-masodik-napjan","status":"publish","type":"post","link":"http:\/\/illyes-dombovar.hu\/honlap\/ujabb-fantasztikus-eredmenyek-az-atletika-diakolimpia-egyeni-es-valtofuto-palyabajnoksag-masodik-napjan\/","title":{"rendered":"\u00dajabb fantasztikus eredm\u00e9nyek az Atl\u00e9tika Di\u00e1kolimpia Egy\u00e9ni \u00e9s V\u00e1lt\u00f3fut\u00f3 P\u00e1lyabajnoks\u00e1g m\u00e1sodik napj\u00e1n"},"content":{"rendered":"\n<p>\u00dajabb fantasztikus eredm\u00e9nyek az Atl\u00e9tika Di\u00e1kolimpia Egy\u00e9ni \u00e9s V\u00e1lt\u00f3fut\u00f3 P\u00e1lyabajnoks\u00e1g m\u00e1sodik napj\u00e1n<\/p>\n\n\n\n<p>Az Atl\u00e9tika Di\u00e1kolimpia Egy\u00e9ni \u00e9s V\u00e1lt\u00f3fut\u00f3 P\u00e1lyabajnoks\u00e1g m\u00e1sodik napja is b\u0151velkedett sikerekben. 10 dobog\u00f3s helyez\u00e9st szerezt\u00fcnk, ebb\u0151l 5 els\u0151 hely.<\/p>\n\n\n\n<p>\u00c9va Nikolett 200 m-es s\u00edkfut\u00e1s 1. hely<\/p>\n\n\n\n<p>B\u00f6r\u00f6cz Blanka 200 m-es s\u00edkfut\u00e1s 1. hely<\/p>\n\n\n\n<p>Lakatos \u2013 Lamm Lea 200 m-es s\u00edkfut\u00e1s 2. hely<\/p>\n\n\n\n<p>Fi\u00fa t\u00e1volugr\u00e1s:<\/p>\n\n\n\n<p>Lakatos \u2013 Lamm Bence 2. hely, Tobler P\u00e9ter 3. hely<\/p>\n\n\n\n<p>Kiss Kincs\u0151 800 m- es s\u00edkfut\u00e1s 3. hely<\/p>\n\n\n\n<p>Fi\u00fa 800 m-es s\u00edkfut\u00e1s:<\/p>\n\n\n\n<p>Szabotin Soma 1. hely, Horv\u00e1th \u00c1bel 3. hely<\/p>\n\n\n\n<p>Szab\u00f3 Mil\u00e1n 3000 m-es s\u00edkfut\u00e1s 1. hely<\/p>\n\n\n\n<p>Fi\u00fa 4&#215;400 m-es v\u00e1lt\u00f3: Kiss M\u00e1t\u00e9, M\u00e1ndli Z\u00e9t\u00e9ny, Tobler P\u00e9ter, Lakatos \u2013 Lamm Bence 1. hely<\/p>\n\n\n\n<p>T\u00e1volugr\u00e1s versenysz\u00e1mban indult m\u00e9g M\u00e1ndli Z\u00e9t\u00e9ny (10.a) \u00e9s Kiss M\u00e1t\u00e9, 800 m-en K\u00e1lm\u00e1n Gerg\u0151 \u00e9s Ko\u00f3s Kende. &nbsp;<\/p>\n\n\n\n<p>A megy\u00e9ben a legt\u00f6bb indul\u00f3val \u00e9s a legt\u00f6bb dobog\u00f3s helyez\u00e9ssel k\u00e9pviselt\u00e9k atl\u00e9t\u00e1ink iskol\u00e1nkat, erre nagyon b\u00fcszk\u00e9k vagyunk. Sz\u00edvb\u0151l gratul\u00e1lunk a tanul\u00f3knak, akik oszt\u00e1lyf\u0151n\u00f6ki dics\u00e9retben r\u00e9szes\u00fclnek. Az orsz\u00e1gos d\u00f6nt\u0151h\u00f6z sok sikert k\u00edv\u00e1nunk!<\/p>\n\n\n\n<p>Edz\u0151k\/k\u00eds\u00e9r\u0151: Fazekas G\u00e1sp\u00e1r, Tarr Imre\/Kov\u00e1cs Vikt\u00f3ria.<\/p>\n\n\n\nngg_shortcode_0_placeholder\n","protected":false},"excerpt":{"rendered":"<p>\u00dajabb fantasztikus eredm\u00e9nyek az Atl\u00e9tika Di\u00e1kolimpia Egy\u00e9ni \u00e9s V\u00e1lt\u00f3fut\u00f3 P\u00e1lyabajnoks\u00e1g m\u00e1sodik napj\u00e1n Az Atl\u00e9tika Di\u00e1kolimpia Egy\u00e9ni \u00e9s V\u00e1lt\u00f3fut\u00f3 P\u00e1lyabajnoks\u00e1g m\u00e1sodik napja is b\u0151velkedett sikerekben. 10 dobog\u00f3s helyez\u00e9st szerezt\u00fcnk, ebb\u0151l 5 [&hellip;]<\/p>\n","protected":false},"author":2,"featured_media":25428,"comment_status":"closed","ping_status":"closed","sticky":false,"template":"","format":"standard","meta":{"ngg_post_thumbnail":0,"footnotes":""},"categories":[1],"tags":[],"class_list":["post-25427","post","type-post","status-publish","format-standard","has-post-thumbnail","hentry","category-uncategorized"],"_links":{"self":[{"href":"http:\/\/illyes-dombovar.hu\/honlap\/wp-json\/wp\/v2\/posts\/25427","targetHints":{"allow":["GET"]}}],"collection":[{"href":"http:\/\/illyes-dombovar.hu\/honlap\/wp-json\/wp\/v2\/posts"}],"about":[{"href":"http:\/\/illyes-dombovar.hu\/honlap\/wp-json\/wp\/v2\/types\/post"}],"author":[{"embeddable":true,"href":"http:\/\/illyes-dombovar.hu\/honlap\/wp-json\/wp\/v2\/users\/2"}],"replies":[{"embeddable":true,"href":"http:\/\/illyes-dombovar.hu\/honlap\/wp-json\/wp\/v2\/comments?post=25427"}],"version-history":[{"count":2,"href":"http:\/\/illyes-dombovar.hu\/honlap\/wp-json\/wp\/v2\/posts\/25427\/revisions"}],"predecessor-version":[{"id":25441,"href":"http:\/\/illyes-dombovar.hu\/honlap\/wp-json\/wp\/v2\/posts\/25427\/revisions\/25441"}],"wp:featuredmedia":[{"embeddable":true,"href":"http:\/\/illyes-dombovar.hu\/honlap\/wp-json\/wp\/v2\/media\/25428"}],"wp:attachment":[{"href":"http:\/\/illyes-dombovar.hu\/honlap\/wp-json\/wp\/v2\/media?parent=25427"}],"wp:term":[{"taxonomy":"category","embeddable":true,"href":"http:\/\/illyes-dombovar.hu\/honlap\/wp-json\/wp\/v2\/categories?post=25427"},{"taxonomy":"post_tag","embeddable":true,"href":"http:\/\/illyes-dombovar.hu\/honlap\/wp-json\/wp\/v2\/tags?post=25427"}],"curies":[{"name":"wp","href":"https:\/\/api.w.org\/{rel}","templated":true}]}}