{"id":25410,"date":"2026-04-29T11:43:59","date_gmt":"2026-04-29T10:43:59","guid":{"rendered":"http:\/\/illyes-dombovar.hu\/honlap\/?p=25410"},"modified":"2026-04-29T13:39:28","modified_gmt":"2026-04-29T12:39:28","slug":"fantasztikus-formaban-versenyeztek-diakjaink-az-atletika-diakolimpia-egyeni-es-valtofuto-palyabajnoksagon","status":"publish","type":"post","link":"http:\/\/illyes-dombovar.hu\/honlap\/fantasztikus-formaban-versenyeztek-diakjaink-az-atletika-diakolimpia-egyeni-es-valtofuto-palyabajnoksagon\/","title":{"rendered":"Fantasztikus form\u00e1ban versenyeztek di\u00e1kjaink az Atl\u00e9tika Di\u00e1kolimpia Egy\u00e9ni \u00e9s V\u00e1lt\u00f3fut\u00f3 P\u00e1lyabajnoks\u00e1gon"},"content":{"rendered":"\n<p>Fantasztikus form\u00e1ban versenyeztek di\u00e1kjaink az Atl\u00e9tika Di\u00e1kolimpia Egy\u00e9ni \u00e9s V\u00e1lt\u00f3fut\u00f3 P\u00e1lyabajnoks\u00e1gon<\/p>\n\n\n\n<p>Az Atl\u00e9tika Di\u00e1kolimpia Egy\u00e9ni \u00e9s V\u00e1lt\u00f3fut\u00f3 P\u00e1lyabajnoks\u00e1g els\u0151 napj\u00e1n 11 alkalommal \u00e1llhattak di\u00e1kjaink dobog\u00f3ra, ebb\u0151l 7-szer a legfels\u0151 fok\u00e1ra. Atl\u00e9t\u00e1ink id\u00e9n is fantasztikusan teljes\u00edtettek:<\/p>\n\n\n\n<p>G\u00e1l Zs\u00f3fi (10.a) 100 m-es s\u00edkfut\u00e1s 1. hely<\/p>\n\n\n\n<p>Lakatos-Lamm Lea (9.n) gerelyhaj\u00edt\u00e1s 1. hely<\/p>\n\n\n\n<p>B\u00f6r\u00f6cz Blanka (10.n) t\u00e1volugr\u00e1s 1. hely<\/p>\n\n\n\n<p>\u00c9va Nikolett (11.a) t\u00e1volugr\u00e1s 1. hely<\/p>\n\n\n\n<p>Lakatos-Lamm Bence (11.n) magasugr\u00e1s 1. hely<\/p>\n\n\n\n<p>Tobler P\u00e9ter (10.a) magasugr\u00e1s 3. hely<\/p>\n\n\n\n<p>Kiss Kincs\u0151 (10.a) 1500 m-es s\u00edkfut\u00e1s 2. hely<\/p>\n\n\n\n<p>1500 m-es s\u00edkfut\u00e1s: Szab\u00f3 Mil\u00e1n (10.a) 1. hely, Szabotin Soma (9.b) 2. hely, K\u00e1lm\u00e1n Gerg\u0151 (10.n) 3. hely<\/p>\n\n\n\n<p>4&#215;100 m-es v\u00e1lt\u00f3fut\u00e1s: Lakatos \u2013 Lamm Lea, B\u00f6r\u00f6cz Blanka, \u00c9va Nikolett, G\u00e1l Zs\u00f3fi 1. hely<\/p>\n\n\n\n<p>Horv\u00e1th \u00c1bel \u00e9s Ko\u00f3s Kende (10.n) 1500m-en indultak \u00e9s kiv\u00e1l\u00f3an futottak, \u00c9va Nikolett pedig gerelyhaj\u00edt\u00e1sban is megm\u00e9rettette mag\u00e1t. A magasugr\u00f3k mez\u0151ny\u00e9ben Kiss M\u00e1t\u00e9 (11.n) is rajthoz \u00e1llt \u00e9s egy\u00e9ni cs\u00facsot ugrott.&nbsp;<\/p>\n\n\n\n<p>Magasugr\u00e1sban Lakatos \u2013 Lamm Bence \u00e9s Tobler P\u00e9ter, gerelyben Lakatos-Lamm Lea, \u00e9s a 4&#215;100-as l\u00e1ny v\u00e1lt\u00f3 bejutott az orsz\u00e1gos d\u00f6nt\u0151be.<\/p>\n\n\n\n<p>Gratul\u00e1lunk minden versenyz\u0151nek!&nbsp;<\/p>\n\n\n\n<p>A mai napon folytat\u00f3dik a verseny, sok sikert!<\/p>\n\n\n\n<p>Felk\u00e9sz\u00edt\u0151k\/k\u00eds\u00e9r\u0151k: Fazekas G\u00e1sp\u00e1r, Tarr Imre\/Kov\u00e1cs Vikt\u00f3ria, Kov\u00e1cs P\u00e9ter.<\/p>\n\n\n\nngg_shortcode_0_placeholder\n","protected":false},"excerpt":{"rendered":"<p>Fantasztikus form\u00e1ban versenyeztek di\u00e1kjaink az Atl\u00e9tika Di\u00e1kolimpia Egy\u00e9ni \u00e9s V\u00e1lt\u00f3fut\u00f3 P\u00e1lyabajnoks\u00e1gon Az Atl\u00e9tika Di\u00e1kolimpia Egy\u00e9ni \u00e9s V\u00e1lt\u00f3fut\u00f3 P\u00e1lyabajnoks\u00e1g els\u0151 napj\u00e1n 11 alkalommal \u00e1llhattak di\u00e1kjaink dobog\u00f3ra, ebb\u0151l 7-szer a legfels\u0151 fok\u00e1ra. [&hellip;]<\/p>\n","protected":false},"author":2,"featured_media":25424,"comment_status":"closed","ping_status":"closed","sticky":false,"template":"","format":"standard","meta":{"ngg_post_thumbnail":0,"footnotes":""},"categories":[1],"tags":[],"class_list":["post-25410","post","type-post","status-publish","format-standard","has-post-thumbnail","hentry","category-uncategorized"],"_links":{"self":[{"href":"http:\/\/illyes-dombovar.hu\/honlap\/wp-json\/wp\/v2\/posts\/25410","targetHints":{"allow":["GET"]}}],"collection":[{"href":"http:\/\/illyes-dombovar.hu\/honlap\/wp-json\/wp\/v2\/posts"}],"about":[{"href":"http:\/\/illyes-dombovar.hu\/honlap\/wp-json\/wp\/v2\/types\/post"}],"author":[{"embeddable":true,"href":"http:\/\/illyes-dombovar.hu\/honlap\/wp-json\/wp\/v2\/users\/2"}],"replies":[{"embeddable":true,"href":"http:\/\/illyes-dombovar.hu\/honlap\/wp-json\/wp\/v2\/comments?post=25410"}],"version-history":[{"count":2,"href":"http:\/\/illyes-dombovar.hu\/honlap\/wp-json\/wp\/v2\/posts\/25410\/revisions"}],"predecessor-version":[{"id":25426,"href":"http:\/\/illyes-dombovar.hu\/honlap\/wp-json\/wp\/v2\/posts\/25410\/revisions\/25426"}],"wp:featuredmedia":[{"embeddable":true,"href":"http:\/\/illyes-dombovar.hu\/honlap\/wp-json\/wp\/v2\/media\/25424"}],"wp:attachment":[{"href":"http:\/\/illyes-dombovar.hu\/honlap\/wp-json\/wp\/v2\/media?parent=25410"}],"wp:term":[{"taxonomy":"category","embeddable":true,"href":"http:\/\/illyes-dombovar.hu\/honlap\/wp-json\/wp\/v2\/categories?post=25410"},{"taxonomy":"post_tag","embeddable":true,"href":"http:\/\/illyes-dombovar.hu\/honlap\/wp-json\/wp\/v2\/tags?post=25410"}],"curies":[{"name":"wp","href":"https:\/\/api.w.org\/{rel}","templated":true}]}}