{"id":25396,"date":"2026-04-29T06:44:40","date_gmt":"2026-04-29T05:44:40","guid":{"rendered":"http:\/\/illyes-dombovar.hu\/honlap\/?p=25396"},"modified":"2026-04-29T06:44:42","modified_gmt":"2026-04-29T05:44:42","slug":"xi-dunantuli-mandulafa-ifju-kutatok-tudomanyos-konferenciaja-es-muveszeti-versenye","status":"publish","type":"post","link":"http:\/\/illyes-dombovar.hu\/honlap\/xi-dunantuli-mandulafa-ifju-kutatok-tudomanyos-konferenciaja-es-muveszeti-versenye\/","title":{"rendered":"XI. Dun\u00e1nt\u00fali Mandulafa Ifj\u00fa kutat\u00f3k tudom\u00e1nyos konferenci\u00e1ja \u00e9s m\u0171v\u00e9szeti versenye"},"content":{"rendered":"\n<p>A Magyar Agr\u00e1r- \u00e9s \u00c9lettudom\u00e1nyi Egyetem Kaposv\u00e1ri Campusa 2026. \u00e1prilis 22-\u00e9n rendezte meg a XI. Dun\u00e1nt\u00fali Mandulafa Ifj\u00fa kutat\u00f3k tudom\u00e1nyos konferenci\u00e1ja \u00e9s m\u0171v\u00e9szeti verseny\u00e9t.<\/p>\n\n\n\n<p>Az idei \u00e9vben 102 tanul\u00f3 jutott be a sz\u00f3beli megm\u00e9rettet\u00e9sre, \u00e9s 14 szekci\u00f3ban mutatt\u00e1k be kutat\u00f3 munk\u00e1juk eredm\u00e9ny\u00e9t. A tudom\u00e1nyos konferenci\u00e1n a Domb\u00f3v\u00e1ri Illy\u00e9s Gyula Gimn\u00e1zium 12.b oszt\u00e1lyos tanul\u00f3ja, Bogd\u00e1n Lilien sikeresen szerepelt, a kateg\u00f3ri\u00e1j\u00e1ban 3. helyez\u00e9st \u00e9rt el. Eredm\u00e9ny\u00e9hez szeretettel gratul\u00e1lunk, oszt\u00e1lyf\u0151n\u00f6ki dics\u00e9retben r\u00e9szes\u00fclt.<\/p>\n","protected":false},"excerpt":{"rendered":"<p>A Magyar Agr\u00e1r- \u00e9s \u00c9lettudom\u00e1nyi Egyetem Kaposv\u00e1ri Campusa 2026. \u00e1prilis 22-\u00e9n rendezte meg a XI. Dun\u00e1nt\u00fali Mandulafa Ifj\u00fa kutat\u00f3k tudom\u00e1nyos konferenci\u00e1ja \u00e9s m\u0171v\u00e9szeti verseny\u00e9t. Az idei \u00e9vben 102 tanul\u00f3 jutott [&hellip;]<\/p>\n","protected":false},"author":2,"featured_media":25397,"comment_status":"closed","ping_status":"closed","sticky":false,"template":"","format":"standard","meta":{"ngg_post_thumbnail":0,"footnotes":""},"categories":[1],"tags":[],"class_list":["post-25396","post","type-post","status-publish","format-standard","has-post-thumbnail","hentry","category-uncategorized"],"_links":{"self":[{"href":"http:\/\/illyes-dombovar.hu\/honlap\/wp-json\/wp\/v2\/posts\/25396","targetHints":{"allow":["GET"]}}],"collection":[{"href":"http:\/\/illyes-dombovar.hu\/honlap\/wp-json\/wp\/v2\/posts"}],"about":[{"href":"http:\/\/illyes-dombovar.hu\/honlap\/wp-json\/wp\/v2\/types\/post"}],"author":[{"embeddable":true,"href":"http:\/\/illyes-dombovar.hu\/honlap\/wp-json\/wp\/v2\/users\/2"}],"replies":[{"embeddable":true,"href":"http:\/\/illyes-dombovar.hu\/honlap\/wp-json\/wp\/v2\/comments?post=25396"}],"version-history":[{"count":1,"href":"http:\/\/illyes-dombovar.hu\/honlap\/wp-json\/wp\/v2\/posts\/25396\/revisions"}],"predecessor-version":[{"id":25398,"href":"http:\/\/illyes-dombovar.hu\/honlap\/wp-json\/wp\/v2\/posts\/25396\/revisions\/25398"}],"wp:featuredmedia":[{"embeddable":true,"href":"http:\/\/illyes-dombovar.hu\/honlap\/wp-json\/wp\/v2\/media\/25397"}],"wp:attachment":[{"href":"http:\/\/illyes-dombovar.hu\/honlap\/wp-json\/wp\/v2\/media?parent=25396"}],"wp:term":[{"taxonomy":"category","embeddable":true,"href":"http:\/\/illyes-dombovar.hu\/honlap\/wp-json\/wp\/v2\/categories?post=25396"},{"taxonomy":"post_tag","embeddable":true,"href":"http:\/\/illyes-dombovar.hu\/honlap\/wp-json\/wp\/v2\/tags?post=25396"}],"curies":[{"name":"wp","href":"https:\/\/api.w.org\/{rel}","templated":true}]}}