{"id":25379,"date":"2026-04-28T10:26:06","date_gmt":"2026-04-28T09:26:06","guid":{"rendered":"https:\/\/illyes-dombovar.hu\/honlap\/?p=25379"},"modified":"2026-04-28T10:26:08","modified_gmt":"2026-04-28T09:26:08","slug":"csapatunk-nagy-sikere-az-orszagos-sporttorteneti-versenyen","status":"publish","type":"post","link":"http:\/\/illyes-dombovar.hu\/honlap\/csapatunk-nagy-sikere-az-orszagos-sporttorteneti-versenyen\/","title":{"rendered":"Csapatunk nagy sikere az orsz\u00e1gos sportt\u00f6rt\u00e9neti versenyen"},"content":{"rendered":"\n<p><strong>Csapatunk nagy sikere az orsz\u00e1gos sportt\u00f6rt\u00e9neti versenyen<\/strong><\/p>\n\n\n\n<p>Imm\u00e1r m\u00e1sodik alkalommal a Magyar Olimpiai Akad\u00e9mia szervezte meg a t\u00f6bb \u00e9vtizedes hagyom\u00e1nyokkal rendelkez\u0151 Mez\u0151 Ferenc Szellemi Orsz\u00e1gos Olimpiat\u00f6rt\u00e9neti Vet\u00e9lked\u0151t. A domb\u00f3v\u00e1ri gimn\u00e1zium csapata szeptember v\u00e9g\u00e9t\u0151l nagy szorgalommal k\u00e9sz\u00fclt a hatalmas tananyagot tartalmaz\u00f3 megm\u00e9rettet\u00e9sre. A versenyz\u0151knek ugyanis az volt a feladata, hogy a magyar sportol\u00f3k \u00e1ltal megszerzett \u00f6sszes olimpiai \u00e9rem tulajdonos\u00e1t, helysz\u00edn\u00e9t, eredm\u00e9ny\u00e9t ismerj\u00e9k, s\u0151t fel kellett ismerni a neves versenyz\u0151k fot\u00f3it is.<\/p>\n\n\n\n<p>Az orsz\u00e1gos d\u00f6nt\u0151be jut\u00e1s felt\u00e9tele volt \u00f6t internetes fordul\u00f3 sikeres teljes\u00edt\u00e9se. Csapatunk magabiztos pontsz\u00e1mmal ker\u00fclt a v\u00e9gs\u0151 fordul\u00f3ba. A d\u00f6nt\u0151ben f\u0151leg az 1956-os melbourne-i olimpi\u00e1val, a magyar atl\u00e9t\u00e1k \u00e9s labdar\u00fag\u00f3k sikereivel kapcsolatos feladatok v\u00e1rtak lelkes di\u00e1kjainkra. A szoros versenyben sok\u00e1ig csak a negyedik helyen \u00e1lltunk, de fokozatosan el\u0151re l\u00e9pve, az utols\u00f3 feladatn\u00e1l \u00f3ri\u00e1si pontsz\u00e1mot megszerezve a holtversenyes m\u00e1sodik poz\u00edci\u00f3ba ker\u00fclt\u00fcnk. Riv\u00e1lisunk a Ny\u00edregyh\u00e1zi Evang\u00e9likus Kossuth Gimn\u00e1zium g\u00e1rd\u00e1ja volt, akiket futballnyelven \u201eb\u00fcntet\u0151kkel\u201d, azaz vill\u00e1mk\u00e9rd\u00e9sekkel siker\u00fclt legy\u0151zni, \u00edgy csapatunk a rendk\u00edv\u00fcl \u00e9rt\u00e9kes 2. helyez\u00e9st szerezte meg.<\/p>\n\n\n\n<p>Gratul\u00e1lunk a Dr. Szeny\u00e9ri Zolt\u00e1n igazgat\u00f3 \u00far \u00e1ltal felk\u00e9sz\u00edtett csapatunknak, akik folytatt\u00e1k el\u0151deik sikersz\u00e9ri\u00e1j\u00e1t, hiszen sorrendben ez a 21. tan\u00e9v, amikor az iskola csapata el\u00e9rte az orsz\u00e1gos d\u00f6nt\u0151t. A csapat tagjai voltak: K\u00f3r\u00e9 \u00c1d\u00e1m, Polg\u00e1r Bence \u00e9s Szentes \u00c1kos a 7. n oszt\u00e1lyb\u00f3l, valamint Szabotin Soma a 9. b oszt\u00e1lyb\u00f3l. Teljes\u00edtm\u00e9ny\u00fck\u00e9rt a tanul\u00f3k igazgat\u00f3i dics\u00e9retben r\u00e9szes\u00fclnek.<\/p>\n\n\n\n<figure class=\"wp-block-image size-large\"><img loading=\"lazy\" decoding=\"async\" width=\"1024\" height=\"768\" src=\"https:\/\/illyes-dombovar.hu\/honlap\/wp-content\/uploads\/2026\/04\/Mezo-Ferenc-kep-1024x768.jpg\" alt=\"\" class=\"wp-image-25380\" srcset=\"http:\/\/illyes-dombovar.hu\/honlap\/wp-content\/uploads\/2026\/04\/Mezo-Ferenc-kep-1024x768.jpg 1024w, http:\/\/illyes-dombovar.hu\/honlap\/wp-content\/uploads\/2026\/04\/Mezo-Ferenc-kep-300x225.jpg 300w, http:\/\/illyes-dombovar.hu\/honlap\/wp-content\/uploads\/2026\/04\/Mezo-Ferenc-kep-768x576.jpg 768w, http:\/\/illyes-dombovar.hu\/honlap\/wp-content\/uploads\/2026\/04\/Mezo-Ferenc-kep-1536x1152.jpg 1536w, http:\/\/illyes-dombovar.hu\/honlap\/wp-content\/uploads\/2026\/04\/Mezo-Ferenc-kep-2048x1536.jpg 2048w, http:\/\/illyes-dombovar.hu\/honlap\/wp-content\/uploads\/2026\/04\/Mezo-Ferenc-kep-400x300.jpg 400w\" sizes=\"auto, (max-width: 1024px) 100vw, 1024px\" \/><\/figure>\n","protected":false},"excerpt":{"rendered":"<p>Csapatunk nagy sikere az orsz\u00e1gos sportt\u00f6rt\u00e9neti versenyen Imm\u00e1r m\u00e1sodik alkalommal a Magyar Olimpiai Akad\u00e9mia szervezte meg a t\u00f6bb \u00e9vtizedes hagyom\u00e1nyokkal rendelkez\u0151 Mez\u0151 Ferenc Szellemi Orsz\u00e1gos Olimpiat\u00f6rt\u00e9neti Vet\u00e9lked\u0151t. A domb\u00f3v\u00e1ri gimn\u00e1zium [&hellip;]<\/p>\n","protected":false},"author":2,"featured_media":25381,"comment_status":"closed","ping_status":"closed","sticky":false,"template":"","format":"standard","meta":{"ngg_post_thumbnail":0,"footnotes":""},"categories":[1],"tags":[],"class_list":["post-25379","post","type-post","status-publish","format-standard","has-post-thumbnail","hentry","category-uncategorized"],"_links":{"self":[{"href":"http:\/\/illyes-dombovar.hu\/honlap\/wp-json\/wp\/v2\/posts\/25379","targetHints":{"allow":["GET"]}}],"collection":[{"href":"http:\/\/illyes-dombovar.hu\/honlap\/wp-json\/wp\/v2\/posts"}],"about":[{"href":"http:\/\/illyes-dombovar.hu\/honlap\/wp-json\/wp\/v2\/types\/post"}],"author":[{"embeddable":true,"href":"http:\/\/illyes-dombovar.hu\/honlap\/wp-json\/wp\/v2\/users\/2"}],"replies":[{"embeddable":true,"href":"http:\/\/illyes-dombovar.hu\/honlap\/wp-json\/wp\/v2\/comments?post=25379"}],"version-history":[{"count":1,"href":"http:\/\/illyes-dombovar.hu\/honlap\/wp-json\/wp\/v2\/posts\/25379\/revisions"}],"predecessor-version":[{"id":25383,"href":"http:\/\/illyes-dombovar.hu\/honlap\/wp-json\/wp\/v2\/posts\/25379\/revisions\/25383"}],"wp:featuredmedia":[{"embeddable":true,"href":"http:\/\/illyes-dombovar.hu\/honlap\/wp-json\/wp\/v2\/media\/25381"}],"wp:attachment":[{"href":"http:\/\/illyes-dombovar.hu\/honlap\/wp-json\/wp\/v2\/media?parent=25379"}],"wp:term":[{"taxonomy":"category","embeddable":true,"href":"http:\/\/illyes-dombovar.hu\/honlap\/wp-json\/wp\/v2\/categories?post=25379"},{"taxonomy":"post_tag","embeddable":true,"href":"http:\/\/illyes-dombovar.hu\/honlap\/wp-json\/wp\/v2\/tags?post=25379"}],"curies":[{"name":"wp","href":"https:\/\/api.w.org\/{rel}","templated":true}]}}