{"id":25372,"date":"2026-04-28T07:22:46","date_gmt":"2026-04-28T06:22:46","guid":{"rendered":"https:\/\/illyes-dombovar.hu\/honlap\/?p=25372"},"modified":"2026-04-28T07:22:47","modified_gmt":"2026-04-28T06:22:47","slug":"negyedszer-is-orszagos-bajnokok-lettek-aerobikosaink","status":"publish","type":"post","link":"http:\/\/illyes-dombovar.hu\/honlap\/negyedszer-is-orszagos-bajnokok-lettek-aerobikosaink\/","title":{"rendered":"Negyedszer is orsz\u00e1gos bajnokok lettek aerobikosaink!"},"content":{"rendered":"\n<p>Negyedszer is orsz\u00e1gos bajnokok lettek aerobikosaink!<\/p>\n\n\n\n<p>Az idei tan\u00e9vben is J\u00e1szber\u00e9nybe utaztunk az Aerobik Di\u00e1kolimpia orsz\u00e1gos d\u00f6nt\u0151j\u00e9re. A 10 f\u0151re b\u0151v\u00fclt l\u00e1ny csapatunk magja, a v\u00e9gz\u0151s\u00f6k k\u00f6z\u00fcl ker\u00fclt ki. K\u00f6sz\u00f6net nekik az\u00e9rt, hogy a szoros \u00fctemterv\u00fckbe a felk\u00e9sz\u00fcl\u00e9st \u00e9s a versenyeket is be tudt\u00e1k iktatni. Nagy rutinnal l\u00e9ptek versenyp\u00e1ly\u00e1ra a l\u00e1nyok \u00e9s megszokott pontoss\u00e1ggal, kifinomult eszt\u00e9tikai kivitelez\u00e9ssel adt\u00e1k el\u0151 a gyakorlatukat. A b\u00edrok id\u00e9n is a legmagasabb pontsz\u00e1mmal d\u00edjazt\u00e1k teljes\u00edtm\u00e9ny\u00fcket, \u00edgy negyedszer is fel\u00e1llhattak a dobog\u00f3 legfels\u0151 fok\u00e1ra l\u00e1nyaink, ami egyed\u00fcl\u00e1ll\u00f3 az iskola t\u00f6rt\u00e9net\u00e9ben. Remek eredm\u00e9nyeiknek k\u00f6sz\u00f6nhet\u0151en, tov\u00e1bbtanul\u00e1si pontokat is bezsebeltek az \u00e9vek folyam\u00e1n, amit a v\u00e9gz\u0151s\u00f6k most kamatoztatni is tudnak. A csapat tagjai: Horv\u00e1th Hanna, Klotz Em\u00edla Gr\u00e9ta, Majoros L\u00e9na (12.b), Czimmer Dorina, Mark\u00f3 Lilla (12.a), Horv\u00e1th Gabriella, Keller No\u00e9mi Vir\u00e1g, P\u00f3th Zs\u00f3fia (10.b), Kov\u00e1cs Anna N\u00f3ra, R\u00e1kosfalvi Bori Anna (9.n). Sz\u00edvb\u0151l gratul\u00e1lunk! A l\u00e1nyok igazgat\u00f3i dics\u00e9retben r\u00e9szes\u00fclnek! K\u00f6sz\u00f6nj\u00fck Ockenfusz Enik\u0151 \u00e1ldozatos munk\u00e1j\u00e1t, aki sok \u00e9vvel ezel\u0151tt elind\u00edtotta a l\u00e1nyokat ezen az \u00faton \u00e9s dolgozott vel\u00fck \u00e9vr\u0151l \u2013 \u00e9vre. K\u00eds\u00e9r\u0151: Kov\u00e1cs Vikt\u00f3ria.<\/p>\n\n\n\n<figure class=\"wp-block-image size-large\"><img loading=\"lazy\" decoding=\"async\" width=\"875\" height=\"1024\" src=\"https:\/\/illyes-dombovar.hu\/honlap\/wp-content\/uploads\/2026\/04\/b23b779f-940c-4003-853f-455cb4e41e4b-875x1024.jpg\" alt=\"\" class=\"wp-image-25373\" srcset=\"http:\/\/illyes-dombovar.hu\/honlap\/wp-content\/uploads\/2026\/04\/b23b779f-940c-4003-853f-455cb4e41e4b-875x1024.jpg 875w, http:\/\/illyes-dombovar.hu\/honlap\/wp-content\/uploads\/2026\/04\/b23b779f-940c-4003-853f-455cb4e41e4b-256x300.jpg 256w, http:\/\/illyes-dombovar.hu\/honlap\/wp-content\/uploads\/2026\/04\/b23b779f-940c-4003-853f-455cb4e41e4b-768x899.jpg 768w, http:\/\/illyes-dombovar.hu\/honlap\/wp-content\/uploads\/2026\/04\/b23b779f-940c-4003-853f-455cb4e41e4b.jpg 887w\" sizes=\"auto, (max-width: 875px) 100vw, 875px\" \/><\/figure>\n\n\n\n<figure class=\"wp-block-image size-full\"><img loading=\"lazy\" decoding=\"async\" width=\"944\" height=\"776\" src=\"https:\/\/illyes-dombovar.hu\/honlap\/wp-content\/uploads\/2026\/04\/55e38571-dc18-4a83-97a7-db3eb8aada18.jpg\" alt=\"\" class=\"wp-image-25374\" srcset=\"http:\/\/illyes-dombovar.hu\/honlap\/wp-content\/uploads\/2026\/04\/55e38571-dc18-4a83-97a7-db3eb8aada18.jpg 944w, http:\/\/illyes-dombovar.hu\/honlap\/wp-content\/uploads\/2026\/04\/55e38571-dc18-4a83-97a7-db3eb8aada18-300x247.jpg 300w, http:\/\/illyes-dombovar.hu\/honlap\/wp-content\/uploads\/2026\/04\/55e38571-dc18-4a83-97a7-db3eb8aada18-768x631.jpg 768w, http:\/\/illyes-dombovar.hu\/honlap\/wp-content\/uploads\/2026\/04\/55e38571-dc18-4a83-97a7-db3eb8aada18-365x300.jpg 365w\" sizes=\"auto, (max-width: 944px) 100vw, 944px\" \/><\/figure>\n\n\n\n<figure class=\"wp-block-image size-large\"><img loading=\"lazy\" decoding=\"async\" width=\"768\" height=\"1024\" src=\"https:\/\/illyes-dombovar.hu\/honlap\/wp-content\/uploads\/2026\/04\/93205ff8-daaa-4077-83ef-5e888ba2d5cb-768x1024.jpg\" alt=\"\" class=\"wp-image-25375\" srcset=\"http:\/\/illyes-dombovar.hu\/honlap\/wp-content\/uploads\/2026\/04\/93205ff8-daaa-4077-83ef-5e888ba2d5cb-768x1024.jpg 768w, http:\/\/illyes-dombovar.hu\/honlap\/wp-content\/uploads\/2026\/04\/93205ff8-daaa-4077-83ef-5e888ba2d5cb-225x300.jpg 225w, http:\/\/illyes-dombovar.hu\/honlap\/wp-content\/uploads\/2026\/04\/93205ff8-daaa-4077-83ef-5e888ba2d5cb-1152x1536.jpg 1152w, http:\/\/illyes-dombovar.hu\/honlap\/wp-content\/uploads\/2026\/04\/93205ff8-daaa-4077-83ef-5e888ba2d5cb.jpg 1536w\" sizes=\"auto, (max-width: 768px) 100vw, 768px\" \/><\/figure>\n","protected":false},"excerpt":{"rendered":"<p>Negyedszer is orsz\u00e1gos bajnokok lettek aerobikosaink! Az idei tan\u00e9vben is J\u00e1szber\u00e9nybe utaztunk az Aerobik Di\u00e1kolimpia orsz\u00e1gos d\u00f6nt\u0151j\u00e9re. A 10 f\u0151re b\u0151v\u00fclt l\u00e1ny csapatunk magja, a v\u00e9gz\u0151s\u00f6k k\u00f6z\u00fcl ker\u00fclt ki. K\u00f6sz\u00f6net [&hellip;]<\/p>\n","protected":false},"author":2,"featured_media":25376,"comment_status":"closed","ping_status":"closed","sticky":false,"template":"","format":"standard","meta":{"ngg_post_thumbnail":0,"footnotes":""},"categories":[1],"tags":[],"class_list":["post-25372","post","type-post","status-publish","format-standard","has-post-thumbnail","hentry","category-uncategorized"],"_links":{"self":[{"href":"http:\/\/illyes-dombovar.hu\/honlap\/wp-json\/wp\/v2\/posts\/25372","targetHints":{"allow":["GET"]}}],"collection":[{"href":"http:\/\/illyes-dombovar.hu\/honlap\/wp-json\/wp\/v2\/posts"}],"about":[{"href":"http:\/\/illyes-dombovar.hu\/honlap\/wp-json\/wp\/v2\/types\/post"}],"author":[{"embeddable":true,"href":"http:\/\/illyes-dombovar.hu\/honlap\/wp-json\/wp\/v2\/users\/2"}],"replies":[{"embeddable":true,"href":"http:\/\/illyes-dombovar.hu\/honlap\/wp-json\/wp\/v2\/comments?post=25372"}],"version-history":[{"count":1,"href":"http:\/\/illyes-dombovar.hu\/honlap\/wp-json\/wp\/v2\/posts\/25372\/revisions"}],"predecessor-version":[{"id":25378,"href":"http:\/\/illyes-dombovar.hu\/honlap\/wp-json\/wp\/v2\/posts\/25372\/revisions\/25378"}],"wp:featuredmedia":[{"embeddable":true,"href":"http:\/\/illyes-dombovar.hu\/honlap\/wp-json\/wp\/v2\/media\/25376"}],"wp:attachment":[{"href":"http:\/\/illyes-dombovar.hu\/honlap\/wp-json\/wp\/v2\/media?parent=25372"}],"wp:term":[{"taxonomy":"category","embeddable":true,"href":"http:\/\/illyes-dombovar.hu\/honlap\/wp-json\/wp\/v2\/categories?post=25372"},{"taxonomy":"post_tag","embeddable":true,"href":"http:\/\/illyes-dombovar.hu\/honlap\/wp-json\/wp\/v2\/tags?post=25372"}],"curies":[{"name":"wp","href":"https:\/\/api.w.org\/{rel}","templated":true}]}}