{"id":25345,"date":"2026-04-23T08:42:52","date_gmt":"2026-04-23T07:42:52","guid":{"rendered":"https:\/\/illyes-dombovar.hu\/honlap\/?p=25345"},"modified":"2026-04-23T08:45:58","modified_gmt":"2026-04-23T07:45:58","slug":"i-hyrox-young-stars-iskolak-kozotti-verseny","status":"publish","type":"post","link":"http:\/\/illyes-dombovar.hu\/honlap\/i-hyrox-young-stars-iskolak-kozotti-verseny\/","title":{"rendered":"I. Hyrox Young Stars iskol\u00e1k k\u00f6z\u00f6tti verseny"},"content":{"rendered":"\n<p>I. Hyrox Young Stars iskol\u00e1k k\u00f6z\u00f6tti verseny<\/p>\n\n\n\n<p>A Z2 Cross Gym szervez\u00e9s\u00e9ben ker\u00fclt megrendez\u00e9sre az I. Hyrox&nbsp;Young Stars iskol\u00e1k k\u00f6z\u00f6tti verseny. Ez az egyed\u00fcl\u00e1ll\u00f3, innovat\u00edv verseny a kardi\u00f3 edz\u00e9s \u00e9s er\u0151s\u00edt\u0151 edz\u00e9sek \u00f6tv\u00f6zete, nagyon megterhel\u0151 \u00e9s embert pr\u00f3b\u00e1l\u00f3 feladatokkal.<\/p>\n\n\n\n<p>Junior kateg\u00f3ri\u00e1ban egy fi\u00fa \u00e9s l\u00e1ny csapatunk indult a megm\u00e9rettet\u00e9sen. Versenyz\u0151ink k\u00f6z\u00f6tt voltak lelkes amat\u0151r\u00f6k \u00e9s profi versenyz\u0151k is. Hatalmas egy\u00e9ni \u00e9s csapat k\u00fczdelmeket l\u00e1thattunk, nem is k\u00e9rd\u00e9s, hogy mindenki a hat\u00e1rait feszegette \u00e9s kihozta mag\u00e1b\u00f3l a maximumot. P\u00e9lda \u00e9rt\u00e9k\u0171 fizikai teljes\u00edtm\u00e9nyt ny\u00fajtottak di\u00e1kjaink \u00e9s sportszer\u0171s\u00e9gb\u0151l is csillagos \u00f6t\u00f6sre vizsg\u00e1ztak. M\u00e9lt\u00e1n lehet\u00fcnk nagyon b\u00fcszk\u00e9k r\u00e1juk.<\/p>\n\n\n\n<p>A l\u00e1nyok hatalmasat k\u00fczd\u00f6ttek, az utols\u00f3 pillanatban is k\u00e9pesek voltak energi\u00e1kat mozg\u00f3s\u00edtani. Ez a k\u00fczdelem a dob\u00f3 legfels\u0151 fok\u00e1ra rep\u00edtette \u0151ket. A csapat tagjai voltak: Moln\u00e1r Kincs\u0151 (9.n), Magyari Fanni, G\u00e1sp\u00e1r Eszter, Kov\u00e1cs J\u00e1zmin (8.n).<\/p>\n\n\n\n<p>A fi\u00fak mez\u0151nye nagyon er\u0151s volt. Tanul\u00f3ink kil\u00e9pve komfort z\u00f3n\u00e1jukb\u00f3l, a legm\u00e9lyebb l\u00e9lektani pillanatokb\u00f3l is fel tudtak \u00e1llni, minek k\u00f6sz\u00f6nhet\u0151en a m\u00e1sodik helyet szerezt\u00e9k meg. A csapat tagjai voltak: Fajcsi B\u00e1lint (8.n), Harmath Sebesty\u00e9n, K\u00f3r\u00e9 \u00c1d\u00e1m, Sutus-Juh\u00e1sz P\u00e9ter Tam\u00e1s (7.n).<\/p>\n\n\n\n<p>Sz\u00edvb\u0151l gratul\u00e1lunk a di\u00e1koknak. A tanul\u00f3k oszt\u00e1lyf\u0151n\u00f6ki dics\u00e9retben r\u00e9szes\u00fclnek.<\/p>\n\n\n\n<p>K\u00eds\u00e9r\u0151, lelkes szurkol\u00f3: Kov\u00e1cs Vikt\u00f3ria.<\/p>\n\n\n\nngg_shortcode_0_placeholder\n","protected":false},"excerpt":{"rendered":"<p>I. Hyrox Young Stars iskol\u00e1k k\u00f6z\u00f6tti verseny A Z2 Cross Gym szervez\u00e9s\u00e9ben ker\u00fclt megrendez\u00e9sre az I. Hyrox&nbsp;Young Stars iskol\u00e1k k\u00f6z\u00f6tti verseny. Ez az egyed\u00fcl\u00e1ll\u00f3, innovat\u00edv verseny a kardi\u00f3 edz\u00e9s \u00e9s [&hellip;]<\/p>\n","protected":false},"author":2,"featured_media":25346,"comment_status":"closed","ping_status":"closed","sticky":false,"template":"","format":"standard","meta":{"ngg_post_thumbnail":0,"footnotes":""},"categories":[1],"tags":[],"class_list":["post-25345","post","type-post","status-publish","format-standard","has-post-thumbnail","hentry","category-uncategorized"],"_links":{"self":[{"href":"http:\/\/illyes-dombovar.hu\/honlap\/wp-json\/wp\/v2\/posts\/25345","targetHints":{"allow":["GET"]}}],"collection":[{"href":"http:\/\/illyes-dombovar.hu\/honlap\/wp-json\/wp\/v2\/posts"}],"about":[{"href":"http:\/\/illyes-dombovar.hu\/honlap\/wp-json\/wp\/v2\/types\/post"}],"author":[{"embeddable":true,"href":"http:\/\/illyes-dombovar.hu\/honlap\/wp-json\/wp\/v2\/users\/2"}],"replies":[{"embeddable":true,"href":"http:\/\/illyes-dombovar.hu\/honlap\/wp-json\/wp\/v2\/comments?post=25345"}],"version-history":[{"count":2,"href":"http:\/\/illyes-dombovar.hu\/honlap\/wp-json\/wp\/v2\/posts\/25345\/revisions"}],"predecessor-version":[{"id":25370,"href":"http:\/\/illyes-dombovar.hu\/honlap\/wp-json\/wp\/v2\/posts\/25345\/revisions\/25370"}],"wp:featuredmedia":[{"embeddable":true,"href":"http:\/\/illyes-dombovar.hu\/honlap\/wp-json\/wp\/v2\/media\/25346"}],"wp:attachment":[{"href":"http:\/\/illyes-dombovar.hu\/honlap\/wp-json\/wp\/v2\/media?parent=25345"}],"wp:term":[{"taxonomy":"category","embeddable":true,"href":"http:\/\/illyes-dombovar.hu\/honlap\/wp-json\/wp\/v2\/categories?post=25345"},{"taxonomy":"post_tag","embeddable":true,"href":"http:\/\/illyes-dombovar.hu\/honlap\/wp-json\/wp\/v2\/tags?post=25345"}],"curies":[{"name":"wp","href":"https:\/\/api.w.org\/{rel}","templated":true}]}}