{"id":25333,"date":"2026-04-22T12:56:26","date_gmt":"2026-04-22T11:56:26","guid":{"rendered":"http:\/\/illyes-dombovar.hu\/honlap\/?p=25333"},"modified":"2026-04-22T12:56:29","modified_gmt":"2026-04-22T11:56:29","slug":"amator-kotelugro-bajnoksag-es-demo-verseny","status":"publish","type":"post","link":"http:\/\/illyes-dombovar.hu\/honlap\/amator-kotelugro-bajnoksag-es-demo-verseny\/","title":{"rendered":"Amat\u0151r K\u00f6t\u00e9lugr\u00f3 Bajnoks\u00e1g \u00e9s Dem\u00f3 Verseny"},"content":{"rendered":"\n<p>Amat\u0151r K\u00f6t\u00e9lugr\u00f3 Bajnoks\u00e1g \u00e9s Dem\u00f3 Verseny<\/p>\n\n\n\n<p>2026. \u00e1prilis 19-\u00e9n rendezt\u00e9k meg Tat\u00e1n az Orsz\u00e1gos Amat\u0151r K\u00f6t\u00e9lugr\u00f3 Bajnoks\u00e1g \u00e9s Dem\u00f3 Versenyt. A Jumpers DKSE sz\u00edneiben versenyz\u0151 tanul\u00f3ink nagyszer\u0171 eredm\u00e9nyeket \u00e9rtek el a megm\u00e9rettet\u00e9sen:<\/p>\n\n\n\n<p>Egy\u00e9ni 30mp gyors, gyakorlat, \u00f6sszetett:<\/p>\n\n\n\n<p>Gyerek kcs:<\/p>\n\n\n\n<p><strong>Gyenei Petra (6.n):<\/strong><\/p>\n\n\n\n<p>30 mp gyors 11. hely<\/p>\n\n\n\n<p>egy\u00e9ni gyakorlat 27. hely<\/p>\n\n\n\n<p>\u00f6sszetett 36. hely<\/p>\n\n\n\n<p>Feln\u0151tt kcs:<\/p>\n\n\n\n<p><strong>Glaub Hanna&nbsp;(9.b)<\/strong><\/p>\n\n\n\n<p>30 mp gyorsas\u00e1gi 2. hely<\/p>\n\n\n\n<p>egy\u00e9ni gyakorlat 6. hely<\/p>\n\n\n\n<p>egy\u00e9ni \u00f6sszetett 3. hely<\/p>\n\n\n\n<p><strong>Glaub Hanna<\/strong>&nbsp;(\u00e9s p\u00e1rja Mira) p\u00e1ros gyorsas\u00e1gi 1.hely,<\/p>\n\n\n\n<p>p\u00e1ros gyakrolat 3.hely<\/p>\n\n\n\n<p>K\u00ednai gyakorlat:<\/p>\n\n\n\n<p><strong>Glaub Hanna<\/strong>&nbsp;(\u00e9s p\u00e1rja Mira) 1.hely<\/p>\n\n\n\n<p>feln\u0151tt korcsoport DD3 gyorsas\u00e1gi (3\u00d730mp)<\/p>\n\n\n\n<p><strong>Glaub Hanna<\/strong>&nbsp;(\u00e9s csapatt\u00e1rsai Mira,L\u00e9na) 1.hely<\/p>\n\n\n\n<p>gyerek korcsoport DD3 gyorsas\u00e1gi (3\u00d730mp)<\/p>\n\n\n\n<p><strong>Gyenei Petra<\/strong>&nbsp;(\u00e9s csapatt\u00e1rsai Vanda, Dorina) 11.hely<\/p>\n\n\n\n<p>DD3 gyakorlat:<\/p>\n\n\n\n<p><strong>Glaub Hanna<\/strong>&nbsp;(\u00e9s t\u00e1rsai Mira,Luca (feln\u0151tt)) 1.hely<\/p>\n\n\n\n<p><strong>Gyenei Petra<\/strong>&nbsp;(\u00e9s t\u00e1rsai L\u00e9na,Dorina (gyerek)) 8.hely<\/p>\n\n\n\n<p>Form\u00e1ci\u00f3 gyors:<\/p>\n\n\n\n<p><strong>Glaub Hanna- Genei Petra<\/strong>&nbsp;(\u00e9s t\u00e1rsaik Mira,L\u00e9na, (feln\u0151tt)) 1.hely<\/p>\n\n\n\n<p>Form\u00e1ci\u00f3 gyakorlat:<\/p>\n\n\n\n<p><strong>Gyenei Petra<\/strong>&nbsp;(\u00e9s t\u00e1rsai LRebi,Luca,Maja) 4.hely<\/p>\n\n\n\n<p><strong>Glaub Hanna<\/strong>&nbsp;(\u00e9s t\u00e1rsai Mira Vanda L\u00e9na (feln\u0151tt)) 2.hely<\/p>\n\n\n\n<p>Dem\u00f3:<\/p>\n\n\n\n<p>I.korcsoport<\/p>\n\n\n\n<p><strong>Imre Csilla<\/strong>&nbsp;7.n (\u00e9s t\u00e1rsai Frida-Regi-LRebi) 2.hely<\/p>\n\n\n\n<p>III.korcsoport:<\/p>\n\n\n\n<p><strong>Szab\u00f3 Em\u00edlia (9.b) \u00e9s F\u00f3nai Rebeka<\/strong>&nbsp;12.b (\u00e9s t\u00e1rsai Friderika-Timi) 2.hely<\/p>\n\n\n\n<p>DDC U16:<\/p>\n\n\n\n<p><strong>Imre Csilla<\/strong>&nbsp;(\u00e9s t\u00e1rsai Bianka-MHanna-SHanna-Frida-Regi) 2.hely<\/p>\n\n\n\n<p>Gratul\u00e1lunk a sz\u00e9p eredm\u00e9nyekhez! A di\u00e1kok edz\u0151je Bessenyei T\u00edmea.<\/p>\n\n\n\nngg_shortcode_0_placeholder\n","protected":false},"excerpt":{"rendered":"<p>Amat\u0151r K\u00f6t\u00e9lugr\u00f3 Bajnoks\u00e1g \u00e9s Dem\u00f3 Verseny 2026. \u00e1prilis 19-\u00e9n rendezt\u00e9k meg Tat\u00e1n az Orsz\u00e1gos Amat\u0151r K\u00f6t\u00e9lugr\u00f3 Bajnoks\u00e1g \u00e9s Dem\u00f3 Versenyt. A Jumpers DKSE sz\u00edneiben versenyz\u0151 tanul\u00f3ink nagyszer\u0171 eredm\u00e9nyeket \u00e9rtek el [&hellip;]<\/p>\n","protected":false},"author":2,"featured_media":25342,"comment_status":"closed","ping_status":"closed","sticky":false,"template":"","format":"standard","meta":{"ngg_post_thumbnail":0,"footnotes":""},"categories":[1],"tags":[],"class_list":["post-25333","post","type-post","status-publish","format-standard","has-post-thumbnail","hentry","category-uncategorized"],"_links":{"self":[{"href":"http:\/\/illyes-dombovar.hu\/honlap\/wp-json\/wp\/v2\/posts\/25333","targetHints":{"allow":["GET"]}}],"collection":[{"href":"http:\/\/illyes-dombovar.hu\/honlap\/wp-json\/wp\/v2\/posts"}],"about":[{"href":"http:\/\/illyes-dombovar.hu\/honlap\/wp-json\/wp\/v2\/types\/post"}],"author":[{"embeddable":true,"href":"http:\/\/illyes-dombovar.hu\/honlap\/wp-json\/wp\/v2\/users\/2"}],"replies":[{"embeddable":true,"href":"http:\/\/illyes-dombovar.hu\/honlap\/wp-json\/wp\/v2\/comments?post=25333"}],"version-history":[{"count":1,"href":"http:\/\/illyes-dombovar.hu\/honlap\/wp-json\/wp\/v2\/posts\/25333\/revisions"}],"predecessor-version":[{"id":25344,"href":"http:\/\/illyes-dombovar.hu\/honlap\/wp-json\/wp\/v2\/posts\/25333\/revisions\/25344"}],"wp:featuredmedia":[{"embeddable":true,"href":"http:\/\/illyes-dombovar.hu\/honlap\/wp-json\/wp\/v2\/media\/25342"}],"wp:attachment":[{"href":"http:\/\/illyes-dombovar.hu\/honlap\/wp-json\/wp\/v2\/media?parent=25333"}],"wp:term":[{"taxonomy":"category","embeddable":true,"href":"http:\/\/illyes-dombovar.hu\/honlap\/wp-json\/wp\/v2\/categories?post=25333"},{"taxonomy":"post_tag","embeddable":true,"href":"http:\/\/illyes-dombovar.hu\/honlap\/wp-json\/wp\/v2\/tags?post=25333"}],"curies":[{"name":"wp","href":"https:\/\/api.w.org\/{rel}","templated":true}]}}