{"id":25329,"date":"2026-04-22T08:57:03","date_gmt":"2026-04-22T07:57:03","guid":{"rendered":"https:\/\/illyes-dombovar.hu\/honlap\/?p=25329"},"modified":"2026-04-22T08:57:05","modified_gmt":"2026-04-22T07:57:05","slug":"dombo-pal-tanulmanyi-verseny","status":"publish","type":"post","link":"http:\/\/illyes-dombovar.hu\/honlap\/dombo-pal-tanulmanyi-verseny\/","title":{"rendered":"Domb\u00f3 P\u00e1l Tanulm\u00e1nyi Verseny"},"content":{"rendered":"\n<p>32. Domb\u00f3 P\u00e1l Tanulm\u00e1nyi Verseny<\/p>\n\n\n\n<p>\u00c1prilis 21-\u00e9n rendezt\u00e9k meg a 32. Domb\u00f3 P\u00e1l Tanulm\u00e1nyi Verseny \u00fcnnep\u00e9lyes eredm\u00e9nyhirdet\u00e9s\u00e9t a Domb\u00f3v\u00e1ri Cs\u00e9ry Lajos Evang\u00e9likus \u00c1ltal\u00e1nos Iskol\u00e1ban, melyre t\u00f6bb kisgimis di\u00e1kunk is megh\u00edv\u00e1st kapott. A k\u00f6vetkez\u0151 eredm\u00e9nyekkel t\u00e9rt\u00fcnk haza:<\/p>\n\n\n\n<p>5.N oszt\u00e1ly:<\/p>\n\n\n\n<p>Magyar nyelv<\/p>\n\n\n\n<p>M\u00e1ndli Etele 3. hely<\/p>\n\n\n\n<p>V\u00e1gv\u00f6lgyi \u00c1mon Vajk 4. hely<\/p>\n\n\n\n<p>Matematika<\/p>\n\n\n\n<p>Marton L\u00e9na Anna 3. hely<\/p>\n\n\n\n<p>Kusz Tamara 6. hely<\/p>\n\n\n\n<p>6.N oszt\u00e1ly:<\/p>\n\n\n\n<p>Magyar nyelv<\/p>\n\n\n\n<p>Kov\u00e1cs Bogl\u00e1rka 3. hely<\/p>\n\n\n\n<p>Varga Emma 6. hely<\/p>\n\n\n\n<p>Matematika<\/p>\n\n\n\n<p>Varga Be\u00e1ta 5. hely<\/p>\n\n\n\n<p>7.N oszt\u00e1ly:<\/p>\n\n\n\n<p>Magyar nyelv:<\/p>\n\n\n\n<p>B\u00e1n Ad\u00e9l 1. hely<\/p>\n\n\n\n<p>K\u00f3r\u00e9 \u00c1d\u00e1m 5. hely<\/p>\n\n\n\n<p>Matematika<\/p>\n\n\n\n<p>Geller \u00c1kos 1. hely<\/p>\n\n\n\n<p>Sutus-Juh\u00e1sz P\u00e9ter Tam\u00e1s 2. hely<\/p>\n\n\n\n<p>8.N oszt\u00e1ly:<\/p>\n\n\n\n<p>De Leeuw Van Weenen Eszter 1. hely<\/p>\n\n\n\n<p>Ap\u00e1ti \u00c1d\u00e1m 3. hely<\/p>\n\n\n\n<p>Fekete \u00c1d\u00e1m 5. hely<\/p>\n\n\n\n<p>Gratul\u00e1lunk! A di\u00e1kok oszt\u00e1lyf\u0151n\u00f6ki dics\u00e9retben r\u00e9szes\u00fclnek.<\/p>\n\n\n\n<p>Felk\u00e9sz\u00edt\u0151ik: Budav\u00e1ri N\u00f3ra, Erdei-Beke Lilla, So\u00f3s Gyop\u00e1r \u00e9s dr. Csern\u00e1k-Szuh\u00e1nszki Deb\u00f3ra tan\u00e1rn\u0151k voltak.<\/p>\n","protected":false},"excerpt":{"rendered":"<p>32. Domb\u00f3 P\u00e1l Tanulm\u00e1nyi Verseny \u00c1prilis 21-\u00e9n rendezt\u00e9k meg a 32. Domb\u00f3 P\u00e1l Tanulm\u00e1nyi Verseny \u00fcnnep\u00e9lyes eredm\u00e9nyhirdet\u00e9s\u00e9t a Domb\u00f3v\u00e1ri Cs\u00e9ry Lajos Evang\u00e9likus \u00c1ltal\u00e1nos Iskol\u00e1ban, melyre t\u00f6bb kisgimis di\u00e1kunk is megh\u00edv\u00e1st [&hellip;]<\/p>\n","protected":false},"author":2,"featured_media":25330,"comment_status":"closed","ping_status":"closed","sticky":false,"template":"","format":"standard","meta":{"ngg_post_thumbnail":0,"footnotes":""},"categories":[1],"tags":[],"class_list":["post-25329","post","type-post","status-publish","format-standard","has-post-thumbnail","hentry","category-uncategorized"],"_links":{"self":[{"href":"http:\/\/illyes-dombovar.hu\/honlap\/wp-json\/wp\/v2\/posts\/25329","targetHints":{"allow":["GET"]}}],"collection":[{"href":"http:\/\/illyes-dombovar.hu\/honlap\/wp-json\/wp\/v2\/posts"}],"about":[{"href":"http:\/\/illyes-dombovar.hu\/honlap\/wp-json\/wp\/v2\/types\/post"}],"author":[{"embeddable":true,"href":"http:\/\/illyes-dombovar.hu\/honlap\/wp-json\/wp\/v2\/users\/2"}],"replies":[{"embeddable":true,"href":"http:\/\/illyes-dombovar.hu\/honlap\/wp-json\/wp\/v2\/comments?post=25329"}],"version-history":[{"count":1,"href":"http:\/\/illyes-dombovar.hu\/honlap\/wp-json\/wp\/v2\/posts\/25329\/revisions"}],"predecessor-version":[{"id":25332,"href":"http:\/\/illyes-dombovar.hu\/honlap\/wp-json\/wp\/v2\/posts\/25329\/revisions\/25332"}],"wp:featuredmedia":[{"embeddable":true,"href":"http:\/\/illyes-dombovar.hu\/honlap\/wp-json\/wp\/v2\/media\/25330"}],"wp:attachment":[{"href":"http:\/\/illyes-dombovar.hu\/honlap\/wp-json\/wp\/v2\/media?parent=25329"}],"wp:term":[{"taxonomy":"category","embeddable":true,"href":"http:\/\/illyes-dombovar.hu\/honlap\/wp-json\/wp\/v2\/categories?post=25329"},{"taxonomy":"post_tag","embeddable":true,"href":"http:\/\/illyes-dombovar.hu\/honlap\/wp-json\/wp\/v2\/tags?post=25329"}],"curies":[{"name":"wp","href":"https:\/\/api.w.org\/{rel}","templated":true}]}}