{"id":25321,"date":"2026-04-21T12:50:45","date_gmt":"2026-04-21T11:50:45","guid":{"rendered":"https:\/\/illyes-dombovar.hu\/honlap\/?p=25321"},"modified":"2026-04-21T12:50:47","modified_gmt":"2026-04-21T11:50:47","slug":"fantasztikus-eredmenyeket-ertek-el-diakjaink-a-karate-europa-bajnoksag-es-utanpotlas-europa-kupan-egerben","status":"publish","type":"post","link":"http:\/\/illyes-dombovar.hu\/honlap\/fantasztikus-eredmenyeket-ertek-el-diakjaink-a-karate-europa-bajnoksag-es-utanpotlas-europa-kupan-egerben\/","title":{"rendered":"Fantasztikus eredm\u00e9nyeket \u00e9rtek el di\u00e1kjaink a Karate Eur\u00f3pa Bajnoks\u00e1g \u00e9s ut\u00e1np\u00f3tl\u00e1s Eur\u00f3pa Kup\u00e1n Egerben"},"content":{"rendered":"\n<p><strong>Fantasztikus eredm\u00e9nyeket \u00e9rtek el di\u00e1kjaink a Karate Eur\u00f3pa Bajnoks\u00e1g \u00e9s ut\u00e1np\u00f3tl\u00e1s Eur\u00f3pa Kup\u00e1n Egerben<\/strong><\/p>\n\n\n\n<p>\u00c1prilis 16-19-e k\u00f6zt Eger adott otthont a Karate Eur\u00f3pa Bajnoks\u00e1g \u00e9s ut\u00e1np\u00f3tl\u00e1s Eur\u00f3pa Kup\u00e1nak. 24 orsz\u00e1g t\u00f6bb mint 1000 indul\u00f3ja k\u00f6z\u00f6tt fantasztikus eredm\u00e9nyeket \u00e9rtek el di\u00e1kjaink. A Domb\u00f3v\u00e1ri Karatesuli sz\u00edneiben versenyz\u0151 sportol\u00f3k a k\u00f6vetkez\u0151 f\u00e9nyes \u00e9rmekkel t\u00e9rtek haza a n\u00e9gynapos, rendk\u00edv\u00fcl f\u00e1raszt\u00f3 rendezv\u00e9nyr\u0151l: V\u00e1rai Bence (9.b) 2 arany \u00e9s 1 bronz, Braun \u00c1d\u00e1m (12.b) 1 ez\u00fcst \u00e9s 2 bronz, Baranyai \u00c1rmin (11.b) 4 bronz. Sz\u00edvb\u0151l gratul\u00e1lunk a di\u00e1koknak \u00e9s edz\u0151j\u00fcknek, Szab\u00f3 Csab\u00e1nak!<\/p>\n\n\n\n<figure class=\"wp-block-image size-full\"><img loading=\"lazy\" decoding=\"async\" width=\"670\" height=\"732\" src=\"https:\/\/illyes-dombovar.hu\/honlap\/wp-content\/uploads\/2026\/04\/260419-1.jpg\" alt=\"\" class=\"wp-image-25323\" srcset=\"http:\/\/illyes-dombovar.hu\/honlap\/wp-content\/uploads\/2026\/04\/260419-1.jpg 670w, http:\/\/illyes-dombovar.hu\/honlap\/wp-content\/uploads\/2026\/04\/260419-1-275x300.jpg 275w\" sizes=\"auto, (max-width: 670px) 100vw, 670px\" \/><\/figure>\n\n\n\n<figure class=\"wp-block-image size-large\"><img loading=\"lazy\" decoding=\"async\" width=\"768\" height=\"1024\" src=\"https:\/\/illyes-dombovar.hu\/honlap\/wp-content\/uploads\/2026\/04\/260417-2-768x1024.jpg\" alt=\"\" class=\"wp-image-25324\" srcset=\"http:\/\/illyes-dombovar.hu\/honlap\/wp-content\/uploads\/2026\/04\/260417-2-768x1024.jpg 768w, http:\/\/illyes-dombovar.hu\/honlap\/wp-content\/uploads\/2026\/04\/260417-2-225x300.jpg 225w, http:\/\/illyes-dombovar.hu\/honlap\/wp-content\/uploads\/2026\/04\/260417-2-1152x1536.jpg 1152w, http:\/\/illyes-dombovar.hu\/honlap\/wp-content\/uploads\/2026\/04\/260417-2.jpg 1536w\" sizes=\"auto, (max-width: 768px) 100vw, 768px\" \/><\/figure>\n","protected":false},"excerpt":{"rendered":"<p>Fantasztikus eredm\u00e9nyeket \u00e9rtek el di\u00e1kjaink a Karate Eur\u00f3pa Bajnoks\u00e1g \u00e9s ut\u00e1np\u00f3tl\u00e1s Eur\u00f3pa Kup\u00e1n Egerben \u00c1prilis 16-19-e k\u00f6zt Eger adott otthont a Karate Eur\u00f3pa Bajnoks\u00e1g \u00e9s ut\u00e1np\u00f3tl\u00e1s Eur\u00f3pa Kup\u00e1nak. 24 orsz\u00e1g [&hellip;]<\/p>\n","protected":false},"author":2,"featured_media":25322,"comment_status":"closed","ping_status":"closed","sticky":false,"template":"","format":"standard","meta":{"ngg_post_thumbnail":0,"footnotes":""},"categories":[1],"tags":[],"class_list":["post-25321","post","type-post","status-publish","format-standard","has-post-thumbnail","hentry","category-uncategorized"],"_links":{"self":[{"href":"http:\/\/illyes-dombovar.hu\/honlap\/wp-json\/wp\/v2\/posts\/25321","targetHints":{"allow":["GET"]}}],"collection":[{"href":"http:\/\/illyes-dombovar.hu\/honlap\/wp-json\/wp\/v2\/posts"}],"about":[{"href":"http:\/\/illyes-dombovar.hu\/honlap\/wp-json\/wp\/v2\/types\/post"}],"author":[{"embeddable":true,"href":"http:\/\/illyes-dombovar.hu\/honlap\/wp-json\/wp\/v2\/users\/2"}],"replies":[{"embeddable":true,"href":"http:\/\/illyes-dombovar.hu\/honlap\/wp-json\/wp\/v2\/comments?post=25321"}],"version-history":[{"count":1,"href":"http:\/\/illyes-dombovar.hu\/honlap\/wp-json\/wp\/v2\/posts\/25321\/revisions"}],"predecessor-version":[{"id":25326,"href":"http:\/\/illyes-dombovar.hu\/honlap\/wp-json\/wp\/v2\/posts\/25321\/revisions\/25326"}],"wp:featuredmedia":[{"embeddable":true,"href":"http:\/\/illyes-dombovar.hu\/honlap\/wp-json\/wp\/v2\/media\/25322"}],"wp:attachment":[{"href":"http:\/\/illyes-dombovar.hu\/honlap\/wp-json\/wp\/v2\/media?parent=25321"}],"wp:term":[{"taxonomy":"category","embeddable":true,"href":"http:\/\/illyes-dombovar.hu\/honlap\/wp-json\/wp\/v2\/categories?post=25321"},{"taxonomy":"post_tag","embeddable":true,"href":"http:\/\/illyes-dombovar.hu\/honlap\/wp-json\/wp\/v2\/tags?post=25321"}],"curies":[{"name":"wp","href":"https:\/\/api.w.org\/{rel}","templated":true}]}}