{"id":25307,"date":"2026-04-20T09:46:46","date_gmt":"2026-04-20T08:46:46","guid":{"rendered":"https:\/\/illyes-dombovar.hu\/honlap\/?p=25307"},"modified":"2026-04-20T09:46:47","modified_gmt":"2026-04-20T08:46:47","slug":"gimis-siker-a-madarak-es-fak-napja-verseny-megyei-fordulojan","status":"publish","type":"post","link":"http:\/\/illyes-dombovar.hu\/honlap\/gimis-siker-a-madarak-es-fak-napja-verseny-megyei-fordulojan\/","title":{"rendered":"Gimis siker a Madarak \u00e9s F\u00e1k Napja verseny megyei fordul\u00f3j\u00e1n"},"content":{"rendered":"\n<p>Gimis siker a Madarak \u00e9s F\u00e1k Napja verseny megyei fordul\u00f3j\u00e1n<\/p>\n\n\n\n<p>\u00c1prilis 17-\u00e9n p\u00e9nteken rendezt\u00e9k meg a Madarak \u00e9s F\u00e1k Napja Orsz\u00e1gos Verseny megyei fordul\u00f3j\u00e1t, melyen iskol\u00e1nkat k\u00e9t csapat k\u00e9pviselte. A j\u00f3 hangulat\u00fa d\u00e9lel\u0151tt\u00f6t siker koron\u00e1zta: A 7.n oszt\u00e1lyos fi\u00fak \u2013 Csizek Zal\u00e1n, Geller \u00c1kos, Szentes \u00c1kos a 2. helyet szerezt\u00e9k meg, a 6.n oszt\u00e1lyb\u00f3l pedig a Szij\u00e1rt\u00f3 Bor\u00f3ka, Sziklav\u00e1ri Eliza Lilien \u00e9s Varga Be\u00e1ta \u00f6ssze\u00e1ll\u00edt\u00e1s\u00fa csapat megnyerte a versenyt, ezzel kiv\u00edvta a jogot az orsz\u00e1gos d\u00f6nt\u0151n val\u00f3 r\u00e9szv\u00e9telre, mely m\u00e1jus 9-\u00e9n, Budapesten lesz. A fi\u00fak oszt\u00e1lyf\u0151n\u00f6ki dics\u00e9retben r\u00e9szes\u00fclnek, felk\u00e9sz\u00edt\u0151 tan\u00e1ruk Gyenein\u00e9 Rada Be\u00e1ta. A l\u00e1nyok felk\u00e9sz\u00edt\u0151je Juh\u00e1sz Rita, nekik sok sikert k\u00edv\u00e1nunk a d\u00f6nt\u0151ben!<\/p>\n\n\n\n<figure class=\"wp-block-image size-large\"><img loading=\"lazy\" decoding=\"async\" width=\"768\" height=\"1024\" src=\"https:\/\/illyes-dombovar.hu\/honlap\/wp-content\/uploads\/2026\/04\/1000101408-768x1024.jpg\" alt=\"\" class=\"wp-image-25308\" srcset=\"http:\/\/illyes-dombovar.hu\/honlap\/wp-content\/uploads\/2026\/04\/1000101408-768x1024.jpg 768w, http:\/\/illyes-dombovar.hu\/honlap\/wp-content\/uploads\/2026\/04\/1000101408-225x300.jpg 225w, http:\/\/illyes-dombovar.hu\/honlap\/wp-content\/uploads\/2026\/04\/1000101408-1152x1536.jpg 1152w, http:\/\/illyes-dombovar.hu\/honlap\/wp-content\/uploads\/2026\/04\/1000101408-1536x2048.jpg 1536w, http:\/\/illyes-dombovar.hu\/honlap\/wp-content\/uploads\/2026\/04\/1000101408-scaled.jpg 1920w\" sizes=\"auto, (max-width: 768px) 100vw, 768px\" \/><\/figure>\n\n\n\n<figure class=\"wp-block-image size-large\"><img loading=\"lazy\" decoding=\"async\" width=\"768\" height=\"1024\" src=\"https:\/\/illyes-dombovar.hu\/honlap\/wp-content\/uploads\/2026\/04\/1000101394-768x1024.jpg\" alt=\"\" class=\"wp-image-25309\" srcset=\"http:\/\/illyes-dombovar.hu\/honlap\/wp-content\/uploads\/2026\/04\/1000101394-768x1024.jpg 768w, http:\/\/illyes-dombovar.hu\/honlap\/wp-content\/uploads\/2026\/04\/1000101394-225x300.jpg 225w, http:\/\/illyes-dombovar.hu\/honlap\/wp-content\/uploads\/2026\/04\/1000101394-1152x1536.jpg 1152w, http:\/\/illyes-dombovar.hu\/honlap\/wp-content\/uploads\/2026\/04\/1000101394-1536x2048.jpg 1536w, http:\/\/illyes-dombovar.hu\/honlap\/wp-content\/uploads\/2026\/04\/1000101394-scaled.jpg 1920w\" sizes=\"auto, (max-width: 768px) 100vw, 768px\" \/><\/figure>\n\n\n\n<figure class=\"wp-block-image size-large\"><img loading=\"lazy\" decoding=\"async\" width=\"1024\" height=\"768\" src=\"https:\/\/illyes-dombovar.hu\/honlap\/wp-content\/uploads\/2026\/04\/1000101393-1024x768.jpg\" alt=\"\" class=\"wp-image-25310\" srcset=\"http:\/\/illyes-dombovar.hu\/honlap\/wp-content\/uploads\/2026\/04\/1000101393-1024x768.jpg 1024w, http:\/\/illyes-dombovar.hu\/honlap\/wp-content\/uploads\/2026\/04\/1000101393-300x225.jpg 300w, http:\/\/illyes-dombovar.hu\/honlap\/wp-content\/uploads\/2026\/04\/1000101393-768x576.jpg 768w, http:\/\/illyes-dombovar.hu\/honlap\/wp-content\/uploads\/2026\/04\/1000101393-1536x1152.jpg 1536w, http:\/\/illyes-dombovar.hu\/honlap\/wp-content\/uploads\/2026\/04\/1000101393-2048x1536.jpg 2048w, http:\/\/illyes-dombovar.hu\/honlap\/wp-content\/uploads\/2026\/04\/1000101393-400x300.jpg 400w\" sizes=\"auto, (max-width: 1024px) 100vw, 1024px\" \/><\/figure>\n\n\n\n<figure class=\"wp-block-image size-large\"><img loading=\"lazy\" decoding=\"async\" width=\"1024\" height=\"768\" src=\"https:\/\/illyes-dombovar.hu\/honlap\/wp-content\/uploads\/2026\/04\/1000101399-1024x768.jpg\" alt=\"\" class=\"wp-image-25311\" srcset=\"http:\/\/illyes-dombovar.hu\/honlap\/wp-content\/uploads\/2026\/04\/1000101399-1024x768.jpg 1024w, http:\/\/illyes-dombovar.hu\/honlap\/wp-content\/uploads\/2026\/04\/1000101399-300x225.jpg 300w, http:\/\/illyes-dombovar.hu\/honlap\/wp-content\/uploads\/2026\/04\/1000101399-768x576.jpg 768w, http:\/\/illyes-dombovar.hu\/honlap\/wp-content\/uploads\/2026\/04\/1000101399-1536x1152.jpg 1536w, http:\/\/illyes-dombovar.hu\/honlap\/wp-content\/uploads\/2026\/04\/1000101399-2048x1536.jpg 2048w, http:\/\/illyes-dombovar.hu\/honlap\/wp-content\/uploads\/2026\/04\/1000101399-400x300.jpg 400w\" sizes=\"auto, (max-width: 1024px) 100vw, 1024px\" \/><\/figure>\n","protected":false},"excerpt":{"rendered":"<p>Gimis siker a Madarak \u00e9s F\u00e1k Napja verseny megyei fordul\u00f3j\u00e1n \u00c1prilis 17-\u00e9n p\u00e9nteken rendezt\u00e9k meg a Madarak \u00e9s F\u00e1k Napja Orsz\u00e1gos Verseny megyei fordul\u00f3j\u00e1t, melyen iskol\u00e1nkat k\u00e9t csapat k\u00e9pviselte. A [&hellip;]<\/p>\n","protected":false},"author":2,"featured_media":25312,"comment_status":"closed","ping_status":"closed","sticky":false,"template":"","format":"standard","meta":{"ngg_post_thumbnail":0,"footnotes":""},"categories":[1],"tags":[],"class_list":["post-25307","post","type-post","status-publish","format-standard","has-post-thumbnail","hentry","category-uncategorized"],"_links":{"self":[{"href":"http:\/\/illyes-dombovar.hu\/honlap\/wp-json\/wp\/v2\/posts\/25307","targetHints":{"allow":["GET"]}}],"collection":[{"href":"http:\/\/illyes-dombovar.hu\/honlap\/wp-json\/wp\/v2\/posts"}],"about":[{"href":"http:\/\/illyes-dombovar.hu\/honlap\/wp-json\/wp\/v2\/types\/post"}],"author":[{"embeddable":true,"href":"http:\/\/illyes-dombovar.hu\/honlap\/wp-json\/wp\/v2\/users\/2"}],"replies":[{"embeddable":true,"href":"http:\/\/illyes-dombovar.hu\/honlap\/wp-json\/wp\/v2\/comments?post=25307"}],"version-history":[{"count":1,"href":"http:\/\/illyes-dombovar.hu\/honlap\/wp-json\/wp\/v2\/posts\/25307\/revisions"}],"predecessor-version":[{"id":25314,"href":"http:\/\/illyes-dombovar.hu\/honlap\/wp-json\/wp\/v2\/posts\/25307\/revisions\/25314"}],"wp:featuredmedia":[{"embeddable":true,"href":"http:\/\/illyes-dombovar.hu\/honlap\/wp-json\/wp\/v2\/media\/25312"}],"wp:attachment":[{"href":"http:\/\/illyes-dombovar.hu\/honlap\/wp-json\/wp\/v2\/media?parent=25307"}],"wp:term":[{"taxonomy":"category","embeddable":true,"href":"http:\/\/illyes-dombovar.hu\/honlap\/wp-json\/wp\/v2\/categories?post=25307"},{"taxonomy":"post_tag","embeddable":true,"href":"http:\/\/illyes-dombovar.hu\/honlap\/wp-json\/wp\/v2\/tags?post=25307"}],"curies":[{"name":"wp","href":"https:\/\/api.w.org\/{rel}","templated":true}]}}