{"id":25302,"date":"2026-04-20T07:45:09","date_gmt":"2026-04-20T06:45:09","guid":{"rendered":"https:\/\/illyes-dombovar.hu\/honlap\/?p=25302"},"modified":"2026-04-24T06:35:49","modified_gmt":"2026-04-24T05:35:49","slug":"orszagos-mezeifutoverseny","status":"publish","type":"post","link":"http:\/\/illyes-dombovar.hu\/honlap\/orszagos-mezeifutoverseny\/","title":{"rendered":"Orsz\u00e1gos Mezei Fut\u00f3verseny"},"content":{"rendered":"\n<p>Orsz\u00e1gos Mezei Fut\u00f3verseny<\/p>\n\n\n\n<p>A 2025\/2026-os tan\u00e9v Orsz\u00e1gos Mezei Fut\u00f3versenye a megszokott helysz\u00ednen, G\u00f6d\u00f6ll\u0151n ker\u00fclt megrendez\u00e9sre \u00e1prilis 15-\u00e9n. A megyei versenyen egy egy\u00e9ni indul\u00f3 \u00e9s k\u00e9t csapat \u00e9rdemelte ki az indul\u00e1s jog\u00e1t iskol\u00e1nkb\u00f3l. Minden korcsoportban t\u00f6bb sz\u00e1z versenyz\u0151 \u00e1llt rajthoz, k\u00f6zt\u00fck az orsz\u00e1g legkiv\u00e1l\u00f3bb fut\u00f3ival, \u00edgy senkinek nem volt k\u00f6nny\u0171 dolga. Atl\u00e9t\u00e1ink kihozt\u00e1k magukb\u00f3l a maximumot, kiv\u00e1l\u00f3an futottak a neh\u00e9z k\u00f6r\u00fclm\u00e9nyek ellen\u00e9re is. Minden tanul\u00f3nak k\u00f6sz\u00f6nj\u00fck a becs\u00fcletes helyt\u00e1ll\u00e1st \u00e9s sz\u00edvb\u0151l gratul\u00e1lunk a remek sporteredm\u00e9nyekhez. Versenyz\u0151k, helyez\u00e9sek: Kiss Kincs\u0151 Luca (10.a) 104., Horv\u00e1th \u00c1bel (10.n) 118., K\u00e1lm\u00e1n Gerg\u0151 (10.n) 79., Ko\u00f3s Kende (10.n) 151., Szabotin Soma (9.b) 76., Szab\u00f3 Mil\u00e1n (10.a) 31., Farkas M\u00e1rk (6.n) 153., Geller \u00c1kos (7.n) 36., Hertelendi B\u00e1lint (6.n) 179., Miltner Mil\u00e1n (6.n) 202., Schmidt \u00c1rmin (6.n) 84. Az V. korcsoportos fi\u00fa csapat 10. helyez\u00e9st \u00e9rt el, a III. korcsoportos fi\u00fa csapat pedig a 14. lett. A tanul\u00f3k igazgat\u00f3i dics\u00e9retben r\u00e9szes\u00fclnek. Edz\u0151k\/k\u00eds\u00e9r\u0151: Fazekas G\u00e1sp\u00e1r, Tarr Imre\/Kov\u00e1cs Vikt\u00f3ria.<\/p>\n\n\n\n<figure class=\"wp-block-image size-large\"><img loading=\"lazy\" decoding=\"async\" width=\"1024\" height=\"768\" src=\"https:\/\/illyes-dombovar.hu\/honlap\/wp-content\/uploads\/2026\/04\/972a58a7-49f7-4288-8aad-08c44d3601b3-1024x768.jpg\" alt=\"\" class=\"wp-image-25303\" srcset=\"http:\/\/illyes-dombovar.hu\/honlap\/wp-content\/uploads\/2026\/04\/972a58a7-49f7-4288-8aad-08c44d3601b3-1024x768.jpg 1024w, http:\/\/illyes-dombovar.hu\/honlap\/wp-content\/uploads\/2026\/04\/972a58a7-49f7-4288-8aad-08c44d3601b3-300x225.jpg 300w, http:\/\/illyes-dombovar.hu\/honlap\/wp-content\/uploads\/2026\/04\/972a58a7-49f7-4288-8aad-08c44d3601b3-768x576.jpg 768w, http:\/\/illyes-dombovar.hu\/honlap\/wp-content\/uploads\/2026\/04\/972a58a7-49f7-4288-8aad-08c44d3601b3-1536x1152.jpg 1536w, http:\/\/illyes-dombovar.hu\/honlap\/wp-content\/uploads\/2026\/04\/972a58a7-49f7-4288-8aad-08c44d3601b3-400x300.jpg 400w, http:\/\/illyes-dombovar.hu\/honlap\/wp-content\/uploads\/2026\/04\/972a58a7-49f7-4288-8aad-08c44d3601b3.jpg 2048w\" sizes=\"auto, (max-width: 1024px) 100vw, 1024px\" \/><\/figure>\n","protected":false},"excerpt":{"rendered":"<p>Orsz\u00e1gos Mezei Fut\u00f3verseny A 2025\/2026-os tan\u00e9v Orsz\u00e1gos Mezei Fut\u00f3versenye a megszokott helysz\u00ednen, G\u00f6d\u00f6ll\u0151n ker\u00fclt megrendez\u00e9sre \u00e1prilis 15-\u00e9n. A megyei versenyen egy egy\u00e9ni indul\u00f3 \u00e9s k\u00e9t csapat \u00e9rdemelte ki az indul\u00e1s [&hellip;]<\/p>\n","protected":false},"author":2,"featured_media":25304,"comment_status":"closed","ping_status":"closed","sticky":false,"template":"","format":"standard","meta":{"ngg_post_thumbnail":0,"footnotes":""},"categories":[1],"tags":[],"class_list":["post-25302","post","type-post","status-publish","format-standard","has-post-thumbnail","hentry","category-uncategorized"],"_links":{"self":[{"href":"http:\/\/illyes-dombovar.hu\/honlap\/wp-json\/wp\/v2\/posts\/25302","targetHints":{"allow":["GET"]}}],"collection":[{"href":"http:\/\/illyes-dombovar.hu\/honlap\/wp-json\/wp\/v2\/posts"}],"about":[{"href":"http:\/\/illyes-dombovar.hu\/honlap\/wp-json\/wp\/v2\/types\/post"}],"author":[{"embeddable":true,"href":"http:\/\/illyes-dombovar.hu\/honlap\/wp-json\/wp\/v2\/users\/2"}],"replies":[{"embeddable":true,"href":"http:\/\/illyes-dombovar.hu\/honlap\/wp-json\/wp\/v2\/comments?post=25302"}],"version-history":[{"count":2,"href":"http:\/\/illyes-dombovar.hu\/honlap\/wp-json\/wp\/v2\/posts\/25302\/revisions"}],"predecessor-version":[{"id":25371,"href":"http:\/\/illyes-dombovar.hu\/honlap\/wp-json\/wp\/v2\/posts\/25302\/revisions\/25371"}],"wp:featuredmedia":[{"embeddable":true,"href":"http:\/\/illyes-dombovar.hu\/honlap\/wp-json\/wp\/v2\/media\/25304"}],"wp:attachment":[{"href":"http:\/\/illyes-dombovar.hu\/honlap\/wp-json\/wp\/v2\/media?parent=25302"}],"wp:term":[{"taxonomy":"category","embeddable":true,"href":"http:\/\/illyes-dombovar.hu\/honlap\/wp-json\/wp\/v2\/categories?post=25302"},{"taxonomy":"post_tag","embeddable":true,"href":"http:\/\/illyes-dombovar.hu\/honlap\/wp-json\/wp\/v2\/tags?post=25302"}],"curies":[{"name":"wp","href":"https:\/\/api.w.org\/{rel}","templated":true}]}}