{"id":24996,"date":"2026-03-30T06:56:53","date_gmt":"2026-03-30T05:56:53","guid":{"rendered":"https:\/\/illyes-dombovar.hu\/honlap\/?p=24996"},"modified":"2026-03-30T14:24:03","modified_gmt":"2026-03-30T13:24:03","slug":"kivaloan-szerepeltek-diakjaink-a-mezei-diakolimpian","status":"publish","type":"post","link":"http:\/\/illyes-dombovar.hu\/honlap\/kivaloan-szerepeltek-diakjaink-a-mezei-diakolimpian\/","title":{"rendered":"Kiv\u00e1l\u00f3an szerepeltek di\u00e1kjaink a mezei di\u00e1kolimpi\u00e1n"},"content":{"rendered":"\n<p>Kiv\u00e1l\u00f3an szerepeltek di\u00e1kjaink a mezei di\u00e1kolimpi\u00e1n<\/p>\n\n\n\n<p>Szeksz\u00e1rdon rendezt\u00e9k meg m\u00e1rcius 25-\u00e9n a mezei di\u00e1kolimpi\u00e1t, melyen kiv\u00e1l\u00f3an szerepeltek di\u00e1kjaink. Els\u0151k\u00e9nt Kiss Kincs\u0151 (10.a) l\u00e9pett p\u00e1ly\u00e1ra \u00e9s kiegyens\u00falyozott fut\u00e1ssal, remek form\u00e1ban teljes\u00edtette a nem kevesebb, mint 2500 m-es t\u00e1vot, ami a tov\u00e1bbjut\u00e1st \u00e9r\u0151 4. helyez\u00e9st \u00e9rte.<\/p>\n\n\n\n<p>Ezut\u00e1n az 5 f\u0151b\u0151l \u00e1ll\u00f3 V. korcsoportos fi\u00fa csapat k\u00f6vetkezett. Szab\u00f3 Mil\u00e1n (10.a) fantasztikus form\u00e1ban, kiv\u00e1l\u00f3 taktik\u00e1t v\u00e1lasztva 100 m-es el\u0151nnyel az els\u0151 helyen \u00e9rt c\u00e9lba. \u0150t Szabotin Soma (9.b) k\u00f6vette, akinek a v\u00e9g\u00e9n m\u00e9g egy hatalmas hajr\u00e1z\u00e1sra is volt energi\u00e1ja, \u0151 m\u00e1sodik lett. K\u00e1lm\u00e1n Gerg\u0151 (10.n) a 7., Horv\u00e1th \u00c1bel (10.n) 11., Ko\u00f3s Kende (10.n) 22. helyen \u00e9rtek c\u00e9lba, nagyszer\u0171en futottak \u0151k is. A csapat \u00f6sszes\u00edt\u00e9sben arany\u00e9rmet szerzett, \u00edgy tov\u00e1bbjutottak az orsz\u00e1gos d\u00f6nt\u0151be.<\/p>\n\n\n\n<p>Schmidt S\u00e1ra (5.n) igen n\u00e9pes mez\u0151nyben versenyzett \u00e9s a kimagasl\u00f3 6. helyen \u00e9rt c\u00e9lba.<\/p>\n\n\n\n<p>V\u00e9g\u00fcl a III. korcsoportos fi\u00fak futottak, szint\u00e9n remek form\u00e1ban. Geller \u00c1kos (7.n) a 3. helyet szerezte meg, \u00edgy dobog\u00f3ra \u00e1llhatott. Schmidt \u00c1rmin (6.n) 6., Farkas M\u00e1rk (6.n) 14., Miltner Mil\u00e1n (6.n) 22., Hertelendi B\u00e1lint (6.n) 31. helyez\u00e9st \u00e9rt el. A csapat \u00f6sszes\u00edt\u00e9sben ez\u00fcst \u00e9rmet szerzett, \u00edgy \u0151k is tov\u00e1bbjutottak az \u00e1prilis 15-\u00e9n G\u00f6d\u00f6ll\u0151n megrendez\u00e9sre ker\u00fcl\u0151 orsz\u00e1gos d\u00f6nt\u0151be.<\/p>\n\n\n\n<p>Minden atl\u00e9t\u00e1nak sz\u00edvb\u0151l gratul\u00e1lunk! Schmidt S\u00e1ra oszt\u00e1lyf\u0151n\u00f6ki dics\u00e9retben r\u00e9szes\u00fcl, a t\u00f6bbi versenyz\u0151nek sok sikert k\u00edv\u00e1nunk a d\u00f6nt\u0151ben!<\/p>\n\n\n\n<p>Edz\u0151k\/ k\u00eds\u00e9r\u0151: Fazekas G\u00e1sp\u00e1r, Halmain\u00e9 Horv\u00e1th Katalin\/Kov\u00e1cs Vikt\u00f3ria.<\/p>\n\n\n\n<figure class=\"wp-block-image size-large\"><img loading=\"lazy\" decoding=\"async\" width=\"1024\" height=\"768\" src=\"https:\/\/illyes-dombovar.hu\/honlap\/wp-content\/uploads\/2026\/03\/26d173ae-75d2-44a6-b526-ea1531222280-1024x768.jpg\" alt=\"\" class=\"wp-image-24997\" srcset=\"http:\/\/illyes-dombovar.hu\/honlap\/wp-content\/uploads\/2026\/03\/26d173ae-75d2-44a6-b526-ea1531222280-1024x768.jpg 1024w, http:\/\/illyes-dombovar.hu\/honlap\/wp-content\/uploads\/2026\/03\/26d173ae-75d2-44a6-b526-ea1531222280-300x225.jpg 300w, http:\/\/illyes-dombovar.hu\/honlap\/wp-content\/uploads\/2026\/03\/26d173ae-75d2-44a6-b526-ea1531222280-768x576.jpg 768w, http:\/\/illyes-dombovar.hu\/honlap\/wp-content\/uploads\/2026\/03\/26d173ae-75d2-44a6-b526-ea1531222280-1536x1152.jpg 1536w, http:\/\/illyes-dombovar.hu\/honlap\/wp-content\/uploads\/2026\/03\/26d173ae-75d2-44a6-b526-ea1531222280-400x300.jpg 400w, http:\/\/illyes-dombovar.hu\/honlap\/wp-content\/uploads\/2026\/03\/26d173ae-75d2-44a6-b526-ea1531222280.jpg 2048w\" sizes=\"auto, (max-width: 1024px) 100vw, 1024px\" \/><\/figure>\n\n\n\n<figure class=\"wp-block-image size-large\"><img loading=\"lazy\" decoding=\"async\" width=\"768\" height=\"1024\" src=\"https:\/\/illyes-dombovar.hu\/honlap\/wp-content\/uploads\/2026\/03\/0885e99c-74b7-4a67-af94-bae9e31da3e3-768x1024.jpg\" alt=\"\" class=\"wp-image-24998\" srcset=\"http:\/\/illyes-dombovar.hu\/honlap\/wp-content\/uploads\/2026\/03\/0885e99c-74b7-4a67-af94-bae9e31da3e3-768x1024.jpg 768w, http:\/\/illyes-dombovar.hu\/honlap\/wp-content\/uploads\/2026\/03\/0885e99c-74b7-4a67-af94-bae9e31da3e3-225x300.jpg 225w, http:\/\/illyes-dombovar.hu\/honlap\/wp-content\/uploads\/2026\/03\/0885e99c-74b7-4a67-af94-bae9e31da3e3-1152x1536.jpg 1152w, http:\/\/illyes-dombovar.hu\/honlap\/wp-content\/uploads\/2026\/03\/0885e99c-74b7-4a67-af94-bae9e31da3e3.jpg 1536w\" sizes=\"auto, (max-width: 768px) 100vw, 768px\" \/><\/figure>\n\n\n\n<figure class=\"wp-block-image size-large\"><img loading=\"lazy\" decoding=\"async\" width=\"768\" height=\"1024\" src=\"https:\/\/illyes-dombovar.hu\/honlap\/wp-content\/uploads\/2026\/03\/709897cd-179f-4a28-9245-677a9aca189a-768x1024.jpg\" alt=\"\" class=\"wp-image-24999\" srcset=\"http:\/\/illyes-dombovar.hu\/honlap\/wp-content\/uploads\/2026\/03\/709897cd-179f-4a28-9245-677a9aca189a-768x1024.jpg 768w, http:\/\/illyes-dombovar.hu\/honlap\/wp-content\/uploads\/2026\/03\/709897cd-179f-4a28-9245-677a9aca189a-225x300.jpg 225w, http:\/\/illyes-dombovar.hu\/honlap\/wp-content\/uploads\/2026\/03\/709897cd-179f-4a28-9245-677a9aca189a-1152x1536.jpg 1152w, http:\/\/illyes-dombovar.hu\/honlap\/wp-content\/uploads\/2026\/03\/709897cd-179f-4a28-9245-677a9aca189a.jpg 1536w\" sizes=\"auto, (max-width: 768px) 100vw, 768px\" \/><\/figure>\n\n\n\n<figure class=\"wp-block-image size-large\"><img loading=\"lazy\" decoding=\"async\" width=\"768\" height=\"1024\" src=\"https:\/\/illyes-dombovar.hu\/honlap\/wp-content\/uploads\/2026\/03\/04c7f866-8545-4daa-9b8c-f8c12285a1a7-768x1024.jpg\" alt=\"\" class=\"wp-image-25000\" srcset=\"http:\/\/illyes-dombovar.hu\/honlap\/wp-content\/uploads\/2026\/03\/04c7f866-8545-4daa-9b8c-f8c12285a1a7-768x1024.jpg 768w, http:\/\/illyes-dombovar.hu\/honlap\/wp-content\/uploads\/2026\/03\/04c7f866-8545-4daa-9b8c-f8c12285a1a7-225x300.jpg 225w, http:\/\/illyes-dombovar.hu\/honlap\/wp-content\/uploads\/2026\/03\/04c7f866-8545-4daa-9b8c-f8c12285a1a7-1152x1536.jpg 1152w, http:\/\/illyes-dombovar.hu\/honlap\/wp-content\/uploads\/2026\/03\/04c7f866-8545-4daa-9b8c-f8c12285a1a7.jpg 1536w\" sizes=\"auto, (max-width: 768px) 100vw, 768px\" \/><\/figure>\n\n\n\n<figure class=\"wp-block-image size-large\"><img loading=\"lazy\" decoding=\"async\" width=\"768\" height=\"1024\" src=\"https:\/\/illyes-dombovar.hu\/honlap\/wp-content\/uploads\/2026\/03\/1484a8da-6601-4ffe-9a7c-175b1eda9c71-768x1024.jpg\" alt=\"\" class=\"wp-image-25001\" srcset=\"http:\/\/illyes-dombovar.hu\/honlap\/wp-content\/uploads\/2026\/03\/1484a8da-6601-4ffe-9a7c-175b1eda9c71-768x1024.jpg 768w, http:\/\/illyes-dombovar.hu\/honlap\/wp-content\/uploads\/2026\/03\/1484a8da-6601-4ffe-9a7c-175b1eda9c71-225x300.jpg 225w, http:\/\/illyes-dombovar.hu\/honlap\/wp-content\/uploads\/2026\/03\/1484a8da-6601-4ffe-9a7c-175b1eda9c71-1152x1536.jpg 1152w, http:\/\/illyes-dombovar.hu\/honlap\/wp-content\/uploads\/2026\/03\/1484a8da-6601-4ffe-9a7c-175b1eda9c71.jpg 1536w\" sizes=\"auto, (max-width: 768px) 100vw, 768px\" \/><\/figure>\n","protected":false},"excerpt":{"rendered":"<p>Kiv\u00e1l\u00f3an szerepeltek di\u00e1kjaink a mezei di\u00e1kolimpi\u00e1n Szeksz\u00e1rdon rendezt\u00e9k meg m\u00e1rcius 25-\u00e9n a mezei di\u00e1kolimpi\u00e1t, melyen kiv\u00e1l\u00f3an szerepeltek di\u00e1kjaink. Els\u0151k\u00e9nt Kiss Kincs\u0151 (10.a) l\u00e9pett p\u00e1ly\u00e1ra \u00e9s kiegyens\u00falyozott fut\u00e1ssal, remek form\u00e1ban teljes\u00edtette [&hellip;]<\/p>\n","protected":false},"author":2,"featured_media":25002,"comment_status":"closed","ping_status":"closed","sticky":false,"template":"","format":"standard","meta":{"ngg_post_thumbnail":0,"footnotes":""},"categories":[1],"tags":[],"class_list":["post-24996","post","type-post","status-publish","format-standard","has-post-thumbnail","hentry","category-uncategorized"],"_links":{"self":[{"href":"http:\/\/illyes-dombovar.hu\/honlap\/wp-json\/wp\/v2\/posts\/24996","targetHints":{"allow":["GET"]}}],"collection":[{"href":"http:\/\/illyes-dombovar.hu\/honlap\/wp-json\/wp\/v2\/posts"}],"about":[{"href":"http:\/\/illyes-dombovar.hu\/honlap\/wp-json\/wp\/v2\/types\/post"}],"author":[{"embeddable":true,"href":"http:\/\/illyes-dombovar.hu\/honlap\/wp-json\/wp\/v2\/users\/2"}],"replies":[{"embeddable":true,"href":"http:\/\/illyes-dombovar.hu\/honlap\/wp-json\/wp\/v2\/comments?post=24996"}],"version-history":[{"count":2,"href":"http:\/\/illyes-dombovar.hu\/honlap\/wp-json\/wp\/v2\/posts\/24996\/revisions"}],"predecessor-version":[{"id":25029,"href":"http:\/\/illyes-dombovar.hu\/honlap\/wp-json\/wp\/v2\/posts\/24996\/revisions\/25029"}],"wp:featuredmedia":[{"embeddable":true,"href":"http:\/\/illyes-dombovar.hu\/honlap\/wp-json\/wp\/v2\/media\/25002"}],"wp:attachment":[{"href":"http:\/\/illyes-dombovar.hu\/honlap\/wp-json\/wp\/v2\/media?parent=24996"}],"wp:term":[{"taxonomy":"category","embeddable":true,"href":"http:\/\/illyes-dombovar.hu\/honlap\/wp-json\/wp\/v2\/categories?post=24996"},{"taxonomy":"post_tag","embeddable":true,"href":"http:\/\/illyes-dombovar.hu\/honlap\/wp-json\/wp\/v2\/tags?post=24996"}],"curies":[{"name":"wp","href":"https:\/\/api.w.org\/{rel}","templated":true}]}}