{"id":24989,"date":"2026-03-26T14:38:46","date_gmt":"2026-03-26T13:38:46","guid":{"rendered":"http:\/\/illyes-dombovar.hu\/honlap\/?p=24989"},"modified":"2026-03-26T14:38:49","modified_gmt":"2026-03-26T13:38:49","slug":"hulladekgyujtes-oriasi-lelkesedessel-3","status":"publish","type":"post","link":"http:\/\/illyes-dombovar.hu\/honlap\/hulladekgyujtes-oriasi-lelkesedessel-3\/","title":{"rendered":"Hullad\u00e9kgy\u0171jt\u00e9s \u00f3ri\u00e1si lelkesed\u00e9ssel"},"content":{"rendered":"\n<p><strong>Hullad\u00e9kgy\u0171jt\u00e9s \u00f3ri\u00e1si lelkesed\u00e9ssel<\/strong><\/p>\n\n\n\n<p>M\u00e1rcius 16-20-a k\u00f6zt Tak\u00e1csn\u00e9 Reisz Anett k\u00f6nyvt\u00e1ros szervez\u00e9s\u00e9vel val\u00f3sult meg az iskolai hullad\u00e9kgy\u0171jt\u00e9s a gimn\u00e1ziumban. A di\u00e1kok hatalmas lelkesed\u00e9ssel v\u00e1gtak bele az oszt\u00e1lyversenyen t\u00fal a k\u00f6rnyezetv\u00e9delem szempontj\u00e1b\u00f3l is fontos k\u00fcldet\u00e9s megval\u00f3s\u00edt\u00e1s\u00e1ba. Az eredm\u00e9ny \u00f6nmag\u00e1\u00e9rt besz\u00e9l: az akci\u00f3ba bekapcsol\u00f3d\u00f3 15 oszt\u00e1lyunknak egy h\u00e9t alatt \u00f6sszesen 6267 kg pap\u00edrt siker\u00fclt gy\u0171jteni. Az els\u0151 helyezett a 5.n oszt\u00e1ly lett, 1119 kg pap\u00edrt gy\u0171jt\u00f6ttek. A m\u00e1sodik helyen a 8.n oszt\u00e1ly csapata v\u00e9gzett 942 kg pap\u00edrral. A 9.b oszt\u00e1ly az el\u0151kel\u0151 harmadik helyet szerezte meg 861 kg pap\u00edr \u00f6sszegy\u0171jt\u00e9s\u00e9vel. A dobog\u00f3s helyez\u00e9st el\u00e9r\u0151 oszt\u00e1lyk\u00f6z\u00f6ss\u00e9gek lelkesed\u00e9s\u00e9t aj\u00e1nd\u00e9k utalv\u00e1nnyal d\u00edjazzuk! H\u00e1l\u00e1san k\u00f6sz\u00f6nj\u00fck a k\u00f6zrem\u0171k\u00f6d\u00e9st \u00e9s az \u00f6sszefog\u00e1st a di\u00e1koknak, a sz\u00fcl\u0151knek, az oszt\u00e1lyf\u0151n\u00f6k\u00f6knek, a technikai dolgoz\u00f3knak!<\/p>\n\n\n\n<figure class=\"wp-block-image size-large\"><img loading=\"lazy\" decoding=\"async\" width=\"1024\" height=\"576\" src=\"http:\/\/illyes-dombovar.hu\/honlap\/wp-content\/uploads\/2026\/03\/001-1024x576.png\" alt=\"\" class=\"wp-image-24990\" srcset=\"http:\/\/illyes-dombovar.hu\/honlap\/wp-content\/uploads\/2026\/03\/001-1024x576.png 1024w, http:\/\/illyes-dombovar.hu\/honlap\/wp-content\/uploads\/2026\/03\/001-300x169.png 300w, http:\/\/illyes-dombovar.hu\/honlap\/wp-content\/uploads\/2026\/03\/001-768x432.png 768w, http:\/\/illyes-dombovar.hu\/honlap\/wp-content\/uploads\/2026\/03\/001-1536x864.png 1536w, http:\/\/illyes-dombovar.hu\/honlap\/wp-content\/uploads\/2026\/03\/001-533x300.png 533w, http:\/\/illyes-dombovar.hu\/honlap\/wp-content\/uploads\/2026\/03\/001.png 1920w\" sizes=\"auto, (max-width: 1024px) 100vw, 1024px\" \/><\/figure>\n\n\n\n<figure class=\"wp-block-image size-full\"><img loading=\"lazy\" decoding=\"async\" width=\"940\" height=\"788\" src=\"http:\/\/illyes-dombovar.hu\/honlap\/wp-content\/uploads\/2026\/03\/002.png\" alt=\"\" class=\"wp-image-24991\" srcset=\"http:\/\/illyes-dombovar.hu\/honlap\/wp-content\/uploads\/2026\/03\/002.png 940w, http:\/\/illyes-dombovar.hu\/honlap\/wp-content\/uploads\/2026\/03\/002-300x251.png 300w, http:\/\/illyes-dombovar.hu\/honlap\/wp-content\/uploads\/2026\/03\/002-768x644.png 768w, http:\/\/illyes-dombovar.hu\/honlap\/wp-content\/uploads\/2026\/03\/002-358x300.png 358w\" sizes=\"auto, (max-width: 940px) 100vw, 940px\" \/><\/figure>\n\n\n\n<figure class=\"wp-block-image size-large\"><img loading=\"lazy\" decoding=\"async\" width=\"1024\" height=\"819\" src=\"http:\/\/illyes-dombovar.hu\/honlap\/wp-content\/uploads\/2026\/03\/003-1024x819.png\" alt=\"\" class=\"wp-image-24992\" srcset=\"http:\/\/illyes-dombovar.hu\/honlap\/wp-content\/uploads\/2026\/03\/003-1024x819.png 1024w, http:\/\/illyes-dombovar.hu\/honlap\/wp-content\/uploads\/2026\/03\/003-300x240.png 300w, http:\/\/illyes-dombovar.hu\/honlap\/wp-content\/uploads\/2026\/03\/003-768x614.png 768w, http:\/\/illyes-dombovar.hu\/honlap\/wp-content\/uploads\/2026\/03\/003-1536x1229.png 1536w, http:\/\/illyes-dombovar.hu\/honlap\/wp-content\/uploads\/2026\/03\/003-375x300.png 375w, http:\/\/illyes-dombovar.hu\/honlap\/wp-content\/uploads\/2026\/03\/003.png 2000w\" sizes=\"auto, (max-width: 1024px) 100vw, 1024px\" \/><\/figure>\n","protected":false},"excerpt":{"rendered":"<p>Hullad\u00e9kgy\u0171jt\u00e9s \u00f3ri\u00e1si lelkesed\u00e9ssel M\u00e1rcius 16-20-a k\u00f6zt Tak\u00e1csn\u00e9 Reisz Anett k\u00f6nyvt\u00e1ros szervez\u00e9s\u00e9vel val\u00f3sult meg az iskolai hullad\u00e9kgy\u0171jt\u00e9s a gimn\u00e1ziumban. A di\u00e1kok hatalmas lelkesed\u00e9ssel v\u00e1gtak bele az oszt\u00e1lyversenyen t\u00fal a k\u00f6rnyezetv\u00e9delem szempontj\u00e1b\u00f3l [&hellip;]<\/p>\n","protected":false},"author":2,"featured_media":24993,"comment_status":"closed","ping_status":"closed","sticky":false,"template":"","format":"standard","meta":{"ngg_post_thumbnail":0,"footnotes":""},"categories":[1],"tags":[],"class_list":["post-24989","post","type-post","status-publish","format-standard","has-post-thumbnail","hentry","category-uncategorized"],"_links":{"self":[{"href":"http:\/\/illyes-dombovar.hu\/honlap\/wp-json\/wp\/v2\/posts\/24989","targetHints":{"allow":["GET"]}}],"collection":[{"href":"http:\/\/illyes-dombovar.hu\/honlap\/wp-json\/wp\/v2\/posts"}],"about":[{"href":"http:\/\/illyes-dombovar.hu\/honlap\/wp-json\/wp\/v2\/types\/post"}],"author":[{"embeddable":true,"href":"http:\/\/illyes-dombovar.hu\/honlap\/wp-json\/wp\/v2\/users\/2"}],"replies":[{"embeddable":true,"href":"http:\/\/illyes-dombovar.hu\/honlap\/wp-json\/wp\/v2\/comments?post=24989"}],"version-history":[{"count":1,"href":"http:\/\/illyes-dombovar.hu\/honlap\/wp-json\/wp\/v2\/posts\/24989\/revisions"}],"predecessor-version":[{"id":24995,"href":"http:\/\/illyes-dombovar.hu\/honlap\/wp-json\/wp\/v2\/posts\/24989\/revisions\/24995"}],"wp:featuredmedia":[{"embeddable":true,"href":"http:\/\/illyes-dombovar.hu\/honlap\/wp-json\/wp\/v2\/media\/24993"}],"wp:attachment":[{"href":"http:\/\/illyes-dombovar.hu\/honlap\/wp-json\/wp\/v2\/media?parent=24989"}],"wp:term":[{"taxonomy":"category","embeddable":true,"href":"http:\/\/illyes-dombovar.hu\/honlap\/wp-json\/wp\/v2\/categories?post=24989"},{"taxonomy":"post_tag","embeddable":true,"href":"http:\/\/illyes-dombovar.hu\/honlap\/wp-json\/wp\/v2\/tags?post=24989"}],"curies":[{"name":"wp","href":"https:\/\/api.w.org\/{rel}","templated":true}]}}