{"id":24981,"date":"2026-03-24T12:22:20","date_gmt":"2026-03-24T11:22:20","guid":{"rendered":"https:\/\/illyes-dombovar.hu\/honlap\/?p=24981"},"modified":"2026-03-24T14:21:00","modified_gmt":"2026-03-24T13:21:00","slug":"newsbrowsing-orszagos-angol-nyelvi-verseny-3","status":"publish","type":"post","link":"http:\/\/illyes-dombovar.hu\/honlap\/newsbrowsing-orszagos-angol-nyelvi-verseny-3\/","title":{"rendered":"Newsbrowsing Orsz\u00e1gos Angol Nyelvi Verseny"},"content":{"rendered":"\n<p>Newsbrowsing Orsz\u00e1gos Angol Nyelvi Verseny<\/p>\n\n\n\n<p>A Bonyh\u00e1di Pet\u0151fi S\u00e1ndor Evang\u00e9likus Gimn\u00e1zium \u00e1ltal szervezett Newsbrowsing Orsz\u00e1gos Angol Nyelvi Verseny d\u00f6nt\u0151j\u00e9ben sz\u00e9p eredm\u00e9nyeket \u00e9rtek el di\u00e1kjaink. S\u00e1reczki Ad\u00e9l 12.b oszt\u00e1lyos tanul\u00f3 7. helyezett lett, a 9.b oszt\u00e1lyba j\u00e1r\u00f3 Szabotin Soma pedig 11. helyen v\u00e9gzett. A verseny els\u0151 fordul\u00f3j\u00e1ban a di\u00e1koknak C1-es szint\u0171 olvasott sz\u00f6veg\u00e9rt\u00e9s \u00e9s nyelvhelyess\u00e9g feladatokat kellett megoldaniuk, majd a Bonyh\u00e1di Szellemi Zsend\u00fcl\u00e9s keret\u00e9ben m\u00e1rcius 20-\u00e1n megrendezett d\u00f6nt\u0151ben \u00c9szak \u00cdrorsz\u00e1g d\u00e9lkeleti r\u00e9gi\u00f3j\u00e1nak t\u00f6rt\u00e9nelm\u00e9r\u0151l, kult\u00far\u00e1j\u00e1r\u00f3l \u00e9s term\u00e9szeti adotts\u00e1gair\u00f3l kellett prezent\u00e1ci\u00f3t tartaniuk. Ad\u00e9l \u00e9s Soma felk\u00e9sz\u00edt\u0151je Halmosi Anett tan\u00e1rn\u0151 volt. Sz\u00edvb\u0151l gratul\u00e1lunk a sz\u00e9p eredm\u00e9nyekhez! A di\u00e1kok igazgat\u00f3i dics\u00e9retben r\u00e9szes\u00fclnek.<\/p>\n\n\n\n<figure class=\"wp-block-image size-large\"><img loading=\"lazy\" decoding=\"async\" width=\"768\" height=\"1024\" src=\"https:\/\/illyes-dombovar.hu\/honlap\/wp-content\/uploads\/2026\/03\/dfa0c2bd-995b-460e-818a-3bafabc94598-768x1024.jpg\" alt=\"\" class=\"wp-image-24985\" srcset=\"http:\/\/illyes-dombovar.hu\/honlap\/wp-content\/uploads\/2026\/03\/dfa0c2bd-995b-460e-818a-3bafabc94598-768x1024.jpg 768w, http:\/\/illyes-dombovar.hu\/honlap\/wp-content\/uploads\/2026\/03\/dfa0c2bd-995b-460e-818a-3bafabc94598-225x300.jpg 225w, http:\/\/illyes-dombovar.hu\/honlap\/wp-content\/uploads\/2026\/03\/dfa0c2bd-995b-460e-818a-3bafabc94598-1152x1536.jpg 1152w, http:\/\/illyes-dombovar.hu\/honlap\/wp-content\/uploads\/2026\/03\/dfa0c2bd-995b-460e-818a-3bafabc94598-1536x2048.jpg 1536w, http:\/\/illyes-dombovar.hu\/honlap\/wp-content\/uploads\/2026\/03\/dfa0c2bd-995b-460e-818a-3bafabc94598-scaled.jpg 1920w\" sizes=\"auto, (max-width: 768px) 100vw, 768px\" \/><\/figure>\n","protected":false},"excerpt":{"rendered":"<p>Newsbrowsing Orsz\u00e1gos Angol Nyelvi Verseny A Bonyh\u00e1di Pet\u0151fi S\u00e1ndor Evang\u00e9likus Gimn\u00e1zium \u00e1ltal szervezett Newsbrowsing Orsz\u00e1gos Angol Nyelvi Verseny d\u00f6nt\u0151j\u00e9ben sz\u00e9p eredm\u00e9nyeket \u00e9rtek el di\u00e1kjaink. S\u00e1reczki Ad\u00e9l 12.b oszt\u00e1lyos tanul\u00f3 7. [&hellip;]<\/p>\n","protected":false},"author":2,"featured_media":24982,"comment_status":"closed","ping_status":"closed","sticky":false,"template":"","format":"standard","meta":{"ngg_post_thumbnail":0,"footnotes":""},"categories":[1],"tags":[],"class_list":["post-24981","post","type-post","status-publish","format-standard","has-post-thumbnail","hentry","category-uncategorized"],"_links":{"self":[{"href":"http:\/\/illyes-dombovar.hu\/honlap\/wp-json\/wp\/v2\/posts\/24981","targetHints":{"allow":["GET"]}}],"collection":[{"href":"http:\/\/illyes-dombovar.hu\/honlap\/wp-json\/wp\/v2\/posts"}],"about":[{"href":"http:\/\/illyes-dombovar.hu\/honlap\/wp-json\/wp\/v2\/types\/post"}],"author":[{"embeddable":true,"href":"http:\/\/illyes-dombovar.hu\/honlap\/wp-json\/wp\/v2\/users\/2"}],"replies":[{"embeddable":true,"href":"http:\/\/illyes-dombovar.hu\/honlap\/wp-json\/wp\/v2\/comments?post=24981"}],"version-history":[{"count":2,"href":"http:\/\/illyes-dombovar.hu\/honlap\/wp-json\/wp\/v2\/posts\/24981\/revisions"}],"predecessor-version":[{"id":24986,"href":"http:\/\/illyes-dombovar.hu\/honlap\/wp-json\/wp\/v2\/posts\/24981\/revisions\/24986"}],"wp:featuredmedia":[{"embeddable":true,"href":"http:\/\/illyes-dombovar.hu\/honlap\/wp-json\/wp\/v2\/media\/24982"}],"wp:attachment":[{"href":"http:\/\/illyes-dombovar.hu\/honlap\/wp-json\/wp\/v2\/media?parent=24981"}],"wp:term":[{"taxonomy":"category","embeddable":true,"href":"http:\/\/illyes-dombovar.hu\/honlap\/wp-json\/wp\/v2\/categories?post=24981"},{"taxonomy":"post_tag","embeddable":true,"href":"http:\/\/illyes-dombovar.hu\/honlap\/wp-json\/wp\/v2\/tags?post=24981"}],"curies":[{"name":"wp","href":"https:\/\/api.w.org\/{rel}","templated":true}]}}