{"id":24976,"date":"2026-03-24T11:09:30","date_gmt":"2026-03-24T10:09:30","guid":{"rendered":"https:\/\/illyes-dombovar.hu\/honlap\/?p=24976"},"modified":"2026-03-24T11:09:32","modified_gmt":"2026-03-24T10:09:32","slug":"nemet-nemzetisegi-szavaloverseny-3","status":"publish","type":"post","link":"http:\/\/illyes-dombovar.hu\/honlap\/nemet-nemzetisegi-szavaloverseny-3\/","title":{"rendered":"N\u00e9met nemzetis\u00e9gi szaval\u00f3verseny"},"content":{"rendered":"\n<p>N\u00e9met nemzetis\u00e9gi szaval\u00f3verseny<\/p>\n\n\n\n<p>A Domb\u00f3v\u00e1ri&nbsp;J\u00f3zsef Attila \u00c1ltal\u00e1nos Iskola \u00e1ltal szervezett n\u00e9met nemzetis\u00e9gi szaval\u00f3versenyen 4 kisdi\u00e1k k\u00e9pviselte iskol\u00e1nkat. Az 5. oszt\u00e1lyosok mez\u0151ny\u00e9ben Bagd\u00e1n Emese \u00e9s Hartung Benjamin k\u00e9sz\u00fclt egy-egy verssel. Benjamin 1. helyez\u00e9st \u00e9rt el. A 6. oszt\u00e1lyosokn\u00e1l Miltner Lilien \u00e9s Sziklav\u00e1ri Eliza szavalt. Felk\u00e9sz\u00edt\u0151 tan\u00e1rok: Dics\u0151n\u00e9 Kohlmann Csilla \u00e9s Haszeg-Antal N\u00f3ra. Szeretettel gratul\u00e1lunk mindenkinek, Benjaminnak sok sikert k\u00edv\u00e1nunk a megyei fordul\u00f3ban!<\/p>\n\n\n\n<figure class=\"wp-block-image size-large\"><img loading=\"lazy\" decoding=\"async\" width=\"1024\" height=\"768\" src=\"https:\/\/illyes-dombovar.hu\/honlap\/wp-content\/uploads\/2026\/03\/nemet-szavaloverseny-1024x768.jpg\" alt=\"\" class=\"wp-image-24977\" srcset=\"http:\/\/illyes-dombovar.hu\/honlap\/wp-content\/uploads\/2026\/03\/nemet-szavaloverseny-1024x768.jpg 1024w, http:\/\/illyes-dombovar.hu\/honlap\/wp-content\/uploads\/2026\/03\/nemet-szavaloverseny-300x225.jpg 300w, http:\/\/illyes-dombovar.hu\/honlap\/wp-content\/uploads\/2026\/03\/nemet-szavaloverseny-768x576.jpg 768w, http:\/\/illyes-dombovar.hu\/honlap\/wp-content\/uploads\/2026\/03\/nemet-szavaloverseny-1536x1152.jpg 1536w, http:\/\/illyes-dombovar.hu\/honlap\/wp-content\/uploads\/2026\/03\/nemet-szavaloverseny-2048x1536.jpg 2048w, http:\/\/illyes-dombovar.hu\/honlap\/wp-content\/uploads\/2026\/03\/nemet-szavaloverseny-400x300.jpg 400w\" sizes=\"auto, (max-width: 1024px) 100vw, 1024px\" \/><\/figure>\n","protected":false},"excerpt":{"rendered":"<p>N\u00e9met nemzetis\u00e9gi szaval\u00f3verseny A Domb\u00f3v\u00e1ri&nbsp;J\u00f3zsef Attila \u00c1ltal\u00e1nos Iskola \u00e1ltal szervezett n\u00e9met nemzetis\u00e9gi szaval\u00f3versenyen 4 kisdi\u00e1k k\u00e9pviselte iskol\u00e1nkat. Az 5. oszt\u00e1lyosok mez\u0151ny\u00e9ben Bagd\u00e1n Emese \u00e9s Hartung Benjamin k\u00e9sz\u00fclt egy-egy verssel. Benjamin [&hellip;]<\/p>\n","protected":false},"author":2,"featured_media":24978,"comment_status":"closed","ping_status":"closed","sticky":false,"template":"","format":"standard","meta":{"ngg_post_thumbnail":0,"footnotes":""},"categories":[1],"tags":[],"class_list":["post-24976","post","type-post","status-publish","format-standard","has-post-thumbnail","hentry","category-uncategorized"],"_links":{"self":[{"href":"http:\/\/illyes-dombovar.hu\/honlap\/wp-json\/wp\/v2\/posts\/24976","targetHints":{"allow":["GET"]}}],"collection":[{"href":"http:\/\/illyes-dombovar.hu\/honlap\/wp-json\/wp\/v2\/posts"}],"about":[{"href":"http:\/\/illyes-dombovar.hu\/honlap\/wp-json\/wp\/v2\/types\/post"}],"author":[{"embeddable":true,"href":"http:\/\/illyes-dombovar.hu\/honlap\/wp-json\/wp\/v2\/users\/2"}],"replies":[{"embeddable":true,"href":"http:\/\/illyes-dombovar.hu\/honlap\/wp-json\/wp\/v2\/comments?post=24976"}],"version-history":[{"count":1,"href":"http:\/\/illyes-dombovar.hu\/honlap\/wp-json\/wp\/v2\/posts\/24976\/revisions"}],"predecessor-version":[{"id":24980,"href":"http:\/\/illyes-dombovar.hu\/honlap\/wp-json\/wp\/v2\/posts\/24976\/revisions\/24980"}],"wp:featuredmedia":[{"embeddable":true,"href":"http:\/\/illyes-dombovar.hu\/honlap\/wp-json\/wp\/v2\/media\/24978"}],"wp:attachment":[{"href":"http:\/\/illyes-dombovar.hu\/honlap\/wp-json\/wp\/v2\/media?parent=24976"}],"wp:term":[{"taxonomy":"category","embeddable":true,"href":"http:\/\/illyes-dombovar.hu\/honlap\/wp-json\/wp\/v2\/categories?post=24976"},{"taxonomy":"post_tag","embeddable":true,"href":"http:\/\/illyes-dombovar.hu\/honlap\/wp-json\/wp\/v2\/tags?post=24976"}],"curies":[{"name":"wp","href":"https:\/\/api.w.org\/{rel}","templated":true}]}}