{"id":24959,"date":"2026-03-24T10:28:52","date_gmt":"2026-03-24T09:28:52","guid":{"rendered":"https:\/\/illyes-dombovar.hu\/honlap\/?p=24959"},"modified":"2026-03-25T07:38:09","modified_gmt":"2026-03-25T06:38:09","slug":"fantasztikus-kuzdelmeket-hozott-az-idei-muveltsegi-verseny-szobeli-dontoje","status":"publish","type":"post","link":"http:\/\/illyes-dombovar.hu\/honlap\/fantasztikus-kuzdelmeket-hozott-az-idei-muveltsegi-verseny-szobeli-dontoje\/","title":{"rendered":"Fantasztikus k\u00fczdelmeket hozott az idei m\u0171velts\u00e9gi verseny sz\u00f3beli d\u00f6nt\u0151je"},"content":{"rendered":"\n<p><strong>Fantasztikus k\u00fczdelmeket hozott az idei m\u0171velts\u00e9gi verseny sz\u00f3beli d\u00f6nt\u0151je<\/strong><\/p>\n\n\n\n<p>Di\u00e1kjaink az elm\u00falt \u00e9vek hagyom\u00e1nyaihoz h\u00edven h\u00e1rom kateg\u00f3ri\u00e1ban versenyeztek. Az 5-6., a 7., \u00e9s a 9-12. \u00e9vfolyam tanul\u00f3i k\u00fcl\u00f6n verseng\u00e9sben l\u00e9ptek a nyom\u00f3gombok mell\u00e9. Az el\u0151csat\u00e1roz\u00e1sok sor\u00e1n mindenki egy\u00e9ni teszt alapj\u00e1n bizony\u00edtotta felk\u00e9sz\u00fclts\u00e9g\u00e9t, majd a sz\u00f3beli fordul\u00f3ban 2-3 f\u0151s csapatokat lehetett alkotni.<\/p>\n\n\n\n<p>A k\u00e9rd\u00e9sek jelent\u0151s r\u00e9sz\u00e9t a felk\u00e9sz\u00fcl\u00e9s sor\u00e1n mindenki el\u0151zetesen megkapta, de a hatalmas mennyis\u00e9g miatt nagyon sok id\u0151 kellett az \u00e9rt\u0151 elsaj\u00e1t\u00edt\u00e1sra. A k\u00e9rd\u00e9sek nem csup\u00e1n a szorosan vett tant\u00e1rgyi tud\u00e1shoz kapcsol\u00f3dtak, hanem fel\u00f6lelt\u00e9k a tudom\u00e1nyok, a m\u0171v\u00e9szetek \u00e9s a kult\u00fara sz\u00e1mos egy\u00e9b ter\u00fclet\u00e9t is. Ezen k\u00edv\u00fcl a gyerekek minden korcsoportban kaptak olyan t\u00e9mak\u00f6r\u00f6ket, amelyeken bel\u00fcl el\u0151re nem lettek k\u00e9rd\u00e9sek meghat\u00e1rozva, hanem ezeknek kicsit ut\u00e1na kellett n\u00e9zni a siker \u00e9rdek\u00e9ben.<\/p>\n\n\n\n<p>A sz\u00f3beli d\u00f6nt\u0151 sor\u00e1n mindenki bizony\u00edtotta, hogy nagyon felk\u00e9sz\u00fclt. Voltak olyan a feln\u0151tteket megsz\u00e9gyen\u00edt\u0151 m\u00f3don j\u00e1tsz\u00f3 j\u00e1t\u00e9kosok is, akik szinte sohasem v\u00e1rt\u00e1k meg, am\u00edg a j\u00e1t\u00e9kvezet\u0151 \u00e9s szervez\u0151, Dr. Szeny\u00e9ri Zolt\u00e1n igazgat\u00f3 \u00far felteszi a k\u00e9rd\u00e9seket. Az izgalomra \u00e9s a lend\u00fcletre jellemz\u0151 volt, hogy menet k\u00f6zben jav\u00edtani is kellett a j\u00e1t\u00e9k legfontosabb eszk\u00f6z\u00e9t, a nyom\u00f3gombos berendez\u00e9st. A vet\u00e9lked\u0151 alatt a sz\u00e9p sz\u00e1m\u00fa k\u00f6z\u00f6ns\u00e9g sem unatkozott, csokikat lehetett nyerni az \u00e9rdekes k\u00e9rd\u00e9sek megv\u00e1laszol\u00e1sa ut\u00e1n.<\/p>\n\n\n\n<p>A sz\u00f3beli d\u00f6nt\u0151 els\u0151 n\u00e9gy helyezett csapatai a j\u00f3l meg\u00e9rdemelt \u00e9dess\u00e9gek mell\u00e9 helyez\u00e9st\u0151l f\u00fcgg\u0151en 2-4 db \u00f6t\u00f6st is nyertek. Minden r\u00e9sztvev\u0151 rajtuk k\u00edv\u00fcl is gazdagodott legal\u00e1bb egy jutalom \u00f6t\u00f6ssel.<\/p>\n\n\n\n<p>Szeretettel gratul\u00e1lunk mindenkinek, felejthetetlen\u00fcl izgalmas versenyeket, nagyon felk\u00e9sz\u00fclt, vill\u00e1mkez\u0171 \u00e9s gyors gondolkod\u00e1s\u00fa j\u00e1t\u00e9kosokat ismerhett\u00fcnk meg!<\/p>\n\n\n\n<p>A verseny eredm\u00e9nyei \u00edgy alakultak:<\/p>\n\n\n\n<p><em>5-6. \u00e9vfolyam<\/em><\/p>\n\n\n\n<ol class=\"wp-block-list\">\n<li>Bor Buda, Farkas M\u00e1rk, Schmidt \u00c1rmin \u2013 6. n<\/li>\n\n\n\n<li>Szij\u00e1rt\u00f3 Bor\u00f3ka, D\u00e1vid Hanna, Varga Emma \u2013 6. n<\/li>\n\n\n\n<li>Albert L\u00e9na, Gyenei Petra, V\u00f6r\u00f6s Luca \u2013 6. n<\/li>\n\n\n\n<li>Schmidt S\u00e1ra, P\u00e9k Zs\u00f3fia, Sim\u00e1ndi J\u00falia \u2013 5. n<\/li>\n\n\n\n<li>Ill\u00e9s Gr\u00e9ta, Varga Be\u00e1ta, Miltner Mil\u00e1n 6. n<\/li>\n\n\n\n<li>Gyergy\u00f3i J\u00e1zmin, Nagy Bogl\u00e1rka, Miltner Lilien 6.n<\/li>\n\n\n\n<li>Gyutali Lara, Nyers Katalin, Kov\u00e1cs Luca, Kusz Tamara 5. n<\/li>\n\n\n\n<li>Peth\u0151 D\u00e9nes, Sz\u00fccs \u00c1d\u00e1m, Kriszt J\u00e1nos 5. n<\/li>\n\n\n\n<li>Szalai \u00c1gnes, Bogd\u00e1n Emese, Borsos Eszter 5.n<\/li>\n\n\n\n<li>Berta Borb\u00e1la, Bogd\u00e1n N\u00f3ra \u2013 6. n<\/li>\n<\/ol>\n\n\n\n<p><em>7. \u00e9vfolyam<\/em><\/p>\n\n\n\n<p>1. Csizek Zal\u00e1n, Szentes \u00c1kos<\/p>\n\n\n\n<p>2. B\u00e1n Ad\u00e9l, Imre Csilla, Szalai Dorottya<\/p>\n\n\n\n<p>3. Harmath Sebesty\u00e9n, K\u00f3r\u00e9 \u00c1d\u00e1m, Geller \u00c1kos<\/p>\n\n\n\n<p>4. Prescs\u00e1k L\u00e9na, Marcsik Gr\u00e9ta, Sz\u00e1nt\u00f3 Emma<\/p>\n\n\n\n<p><em>9-12. \u00e9vfolyam<\/em><\/p>\n\n\n\n<ol class=\"wp-block-list\">\n<li>Horv\u00e1th Gerg\u0151, Blaskovics Bence, Tak\u00e1cs Bence 9. n<\/li>\n\n\n\n<li>G\u00e1sp\u00e1r Emma, M\u00fcller Al\u00edz, K\u0151szegi Kitti 10. n<\/li>\n\n\n\n<li>Horv\u00e1th Eszter, Bak\u00f3 M\u00e1rk 9. b<\/li>\n\n\n\n<li>M\u00e1rfai P\u00e9ter, M\u00fcller Botond, Kov\u00e1cs P\u00e9ter 12. n<\/li>\n\n\n\n<li>Szabotin Soma, Marosi Nimr\u00f3d 9. b<\/li>\n\n\n\n<li>Darabos Rebeka, Pr\u00e1vics R\u00e9ka 9. n<\/li>\n\n\n\n<li>Jauch R\u00e9ka, Szigeti \u00c1kos, Balatoni D\u00f3ra 9. a<\/li>\n\n\n\n<li>Ligeti Rox\u00e1na, \u00d3v\u00e1ri Valentina 9. a<\/li>\n<\/ol>\n\n\n\nngg_shortcode_0_placeholder\n","protected":false},"excerpt":{"rendered":"<p>Fantasztikus k\u00fczdelmeket hozott az idei m\u0171velts\u00e9gi verseny sz\u00f3beli d\u00f6nt\u0151je Di\u00e1kjaink az elm\u00falt \u00e9vek hagyom\u00e1nyaihoz h\u00edven h\u00e1rom kateg\u00f3ri\u00e1ban versenyeztek. Az 5-6., a 7., \u00e9s a 9-12. \u00e9vfolyam tanul\u00f3i k\u00fcl\u00f6n verseng\u00e9sben l\u00e9ptek [&hellip;]<\/p>\n","protected":false},"author":2,"featured_media":24971,"comment_status":"closed","ping_status":"closed","sticky":false,"template":"","format":"standard","meta":{"ngg_post_thumbnail":0,"footnotes":""},"categories":[1],"tags":[],"class_list":["post-24959","post","type-post","status-publish","format-standard","has-post-thumbnail","hentry","category-uncategorized"],"_links":{"self":[{"href":"http:\/\/illyes-dombovar.hu\/honlap\/wp-json\/wp\/v2\/posts\/24959","targetHints":{"allow":["GET"]}}],"collection":[{"href":"http:\/\/illyes-dombovar.hu\/honlap\/wp-json\/wp\/v2\/posts"}],"about":[{"href":"http:\/\/illyes-dombovar.hu\/honlap\/wp-json\/wp\/v2\/types\/post"}],"author":[{"embeddable":true,"href":"http:\/\/illyes-dombovar.hu\/honlap\/wp-json\/wp\/v2\/users\/2"}],"replies":[{"embeddable":true,"href":"http:\/\/illyes-dombovar.hu\/honlap\/wp-json\/wp\/v2\/comments?post=24959"}],"version-history":[{"count":2,"href":"http:\/\/illyes-dombovar.hu\/honlap\/wp-json\/wp\/v2\/posts\/24959\/revisions"}],"predecessor-version":[{"id":24988,"href":"http:\/\/illyes-dombovar.hu\/honlap\/wp-json\/wp\/v2\/posts\/24959\/revisions\/24988"}],"wp:featuredmedia":[{"embeddable":true,"href":"http:\/\/illyes-dombovar.hu\/honlap\/wp-json\/wp\/v2\/media\/24971"}],"wp:attachment":[{"href":"http:\/\/illyes-dombovar.hu\/honlap\/wp-json\/wp\/v2\/media?parent=24959"}],"wp:term":[{"taxonomy":"category","embeddable":true,"href":"http:\/\/illyes-dombovar.hu\/honlap\/wp-json\/wp\/v2\/categories?post=24959"},{"taxonomy":"post_tag","embeddable":true,"href":"http:\/\/illyes-dombovar.hu\/honlap\/wp-json\/wp\/v2\/tags?post=24959"}],"curies":[{"name":"wp","href":"https:\/\/api.w.org\/{rel}","templated":true}]}}