{"id":24954,"date":"2026-03-24T08:51:12","date_gmt":"2026-03-24T07:51:12","guid":{"rendered":"https:\/\/illyes-dombovar.hu\/honlap\/?p=24954"},"modified":"2026-03-24T10:59:22","modified_gmt":"2026-03-24T09:59:22","slug":"vorwahl-0049","status":"publish","type":"post","link":"http:\/\/illyes-dombovar.hu\/honlap\/vorwahl-0049\/","title":{"rendered":"\u201eVorwahl 0049\u201d"},"content":{"rendered":"\n<p><strong>\u201eVorwahl 0049\u201d<\/strong><\/p>\n\n\n\n<p>A Bonyh\u00e1di Pet\u0151fi S\u00e1ndor Evang\u00e9likus Gimn\u00e1zium a Szellemi Zsend\u00fcl\u00e9s keret\u00e9ben id\u00e9n is megszervezte a \u201eVorwahl 0049\u201d n\u00e9met nyelvi, kult\u00fart\u00f6rt\u00e9neti \u00e9s orsz\u00e1gismereti versenyt. A m\u00e1rcius 20-i d\u00f6nt\u0151ben B\u00e1n Ad\u00e9l, Geller \u00c1kos \u00e9s K\u00f3r\u00e9 \u00c1d\u00e1m 7.n oszt\u00e1lyos tanul\u00f3k vettek r\u00e9szt iskol\u00e1nkb\u00f3l. A Steffen Gumpert detekt\u00edvt\u00f6rt\u00e9neteit bemutat\u00f3 \u00edr\u00e1sbeli \u00e9s sz\u00f3beli r\u00e9szb\u0151l \u00e1ll\u00f3 verseny eredm\u00e9nyek\u00e9nt \u00c1d\u00e1m 10., \u00c1kos 11., Ad\u00e9l 14. helyez\u00e9st \u00e9rt el. Gratul\u00e1lunk! A tanul\u00f3k igazgat\u00f3i dics\u00e9retben r\u00e9szes\u00fcltek. Felk\u00e9sz\u00edt\u0151 tan\u00e1ruk dr. Sz\u00f3ka Bernadett volt.<\/p>\n\n\n\n<figure class=\"wp-block-image size-large\"><img loading=\"lazy\" decoding=\"async\" width=\"1024\" height=\"771\" src=\"https:\/\/illyes-dombovar.hu\/honlap\/wp-content\/uploads\/2026\/03\/Kep1-1-1024x771.jpg\" alt=\"\" class=\"wp-image-24974\" srcset=\"http:\/\/illyes-dombovar.hu\/honlap\/wp-content\/uploads\/2026\/03\/Kep1-1-1024x771.jpg 1024w, http:\/\/illyes-dombovar.hu\/honlap\/wp-content\/uploads\/2026\/03\/Kep1-1-300x226.jpg 300w, http:\/\/illyes-dombovar.hu\/honlap\/wp-content\/uploads\/2026\/03\/Kep1-1-768x578.jpg 768w, http:\/\/illyes-dombovar.hu\/honlap\/wp-content\/uploads\/2026\/03\/Kep1-1-1536x1157.jpg 1536w, http:\/\/illyes-dombovar.hu\/honlap\/wp-content\/uploads\/2026\/03\/Kep1-1-2048x1542.jpg 2048w, http:\/\/illyes-dombovar.hu\/honlap\/wp-content\/uploads\/2026\/03\/Kep1-1-398x300.jpg 398w\" sizes=\"auto, (max-width: 1024px) 100vw, 1024px\" \/><\/figure>\n","protected":false},"excerpt":{"rendered":"<p>\u201eVorwahl 0049\u201d A Bonyh\u00e1di Pet\u0151fi S\u00e1ndor Evang\u00e9likus Gimn\u00e1zium a Szellemi Zsend\u00fcl\u00e9s keret\u00e9ben id\u00e9n is megszervezte a \u201eVorwahl 0049\u201d n\u00e9met nyelvi, kult\u00fart\u00f6rt\u00e9neti \u00e9s orsz\u00e1gismereti versenyt. A m\u00e1rcius 20-i d\u00f6nt\u0151ben B\u00e1n Ad\u00e9l, [&hellip;]<\/p>\n","protected":false},"author":2,"featured_media":24956,"comment_status":"closed","ping_status":"closed","sticky":false,"template":"","format":"standard","meta":{"ngg_post_thumbnail":0,"footnotes":""},"categories":[1],"tags":[],"class_list":["post-24954","post","type-post","status-publish","format-standard","has-post-thumbnail","hentry","category-uncategorized"],"_links":{"self":[{"href":"http:\/\/illyes-dombovar.hu\/honlap\/wp-json\/wp\/v2\/posts\/24954","targetHints":{"allow":["GET"]}}],"collection":[{"href":"http:\/\/illyes-dombovar.hu\/honlap\/wp-json\/wp\/v2\/posts"}],"about":[{"href":"http:\/\/illyes-dombovar.hu\/honlap\/wp-json\/wp\/v2\/types\/post"}],"author":[{"embeddable":true,"href":"http:\/\/illyes-dombovar.hu\/honlap\/wp-json\/wp\/v2\/users\/2"}],"replies":[{"embeddable":true,"href":"http:\/\/illyes-dombovar.hu\/honlap\/wp-json\/wp\/v2\/comments?post=24954"}],"version-history":[{"count":2,"href":"http:\/\/illyes-dombovar.hu\/honlap\/wp-json\/wp\/v2\/posts\/24954\/revisions"}],"predecessor-version":[{"id":24975,"href":"http:\/\/illyes-dombovar.hu\/honlap\/wp-json\/wp\/v2\/posts\/24954\/revisions\/24975"}],"wp:featuredmedia":[{"embeddable":true,"href":"http:\/\/illyes-dombovar.hu\/honlap\/wp-json\/wp\/v2\/media\/24956"}],"wp:attachment":[{"href":"http:\/\/illyes-dombovar.hu\/honlap\/wp-json\/wp\/v2\/media?parent=24954"}],"wp:term":[{"taxonomy":"category","embeddable":true,"href":"http:\/\/illyes-dombovar.hu\/honlap\/wp-json\/wp\/v2\/categories?post=24954"},{"taxonomy":"post_tag","embeddable":true,"href":"http:\/\/illyes-dombovar.hu\/honlap\/wp-json\/wp\/v2\/tags?post=24954"}],"curies":[{"name":"wp","href":"https:\/\/api.w.org\/{rel}","templated":true}]}}