{"id":24942,"date":"2026-03-24T08:17:22","date_gmt":"2026-03-24T07:17:22","guid":{"rendered":"https:\/\/illyes-dombovar.hu\/honlap\/?p=24942"},"modified":"2026-03-24T08:17:25","modified_gmt":"2026-03-24T07:17:25","slug":"irany-az-orszagos-donto","status":"publish","type":"post","link":"http:\/\/illyes-dombovar.hu\/honlap\/irany-az-orszagos-donto\/","title":{"rendered":"Ir\u00e1ny az orsz\u00e1gos d\u00f6nt\u0151!"},"content":{"rendered":"\n<p>Ir\u00e1ny az orsz\u00e1gos d\u00f6nt\u0151!<\/p>\n\n\n\n<p>Az Aerobik Di\u00e1kolimpia Nyugat-magyarorsz\u00e1gi ter\u00fcleti fordul\u00f3j\u00e1t ebben a tan\u00e9vben F\u00f3ton rendezt\u00e9k m\u00e1rcius 22-\u00e9n. A 10 f\u0151re b\u0151v\u00fclt csapat tagjai nagy \u00f6nbizalommal, n\u00e9h\u00e1nyan h\u00e1romszoros orsz\u00e1gos bajnokk\u00e9nt utaztak a versenyre. A felk\u00e9sz\u00fcl\u00e9s kiv\u00e1l\u00f3an siker\u00fclt, \u00edgy a l\u00e1nyok egy magas sz\u00ednvonal\u00fa, kit\u0171n\u0151en kivitelezett gyakorlatot mutattak be a zs\u0171rinek, akik arany\u00e9remmel d\u00edjazt\u00e1k teljes\u00edtm\u00e9ny\u00fcket. A csapat tagjai: Czimmer Dorina (12.a), Horv\u00e1th Gabriella (10.b), Horv\u00e1th Hanna (12.b), Keller No\u00e9mi Vir\u00e1g (10.b), Klotz Em\u00edlia (12.b), Kov\u00e1cs Anna N\u00f3ra (9.n), Majoros L\u00e9na (12.b), Mark\u00f3 Lilla (12.a), P\u00f3th Zs\u00f3fia (10.b), R\u00e1kosfalvi Bori Anna (9.n). Sz\u00edvb\u0151l gratul\u00e1lunk a l\u00e1nyoknak \u00e9s sok sikert k\u00edv\u00e1nunk az \u00e1prilis 25-\u00e9n J\u00e1szber\u00e9nyben megrendez\u00e9sre ker\u00fcl\u0151 orsz\u00e1gos d\u00f6nt\u0151h\u00f6z! Edz\u0151, k\u00eds\u00e9r\u0151: Ockenfusz Enik\u0151, Kov\u00e1cs Vikt\u00f3ria.<\/p>\n\n\n\n<figure class=\"wp-block-image size-large\"><img loading=\"lazy\" decoding=\"async\" width=\"1024\" height=\"768\" src=\"https:\/\/illyes-dombovar.hu\/honlap\/wp-content\/uploads\/2026\/03\/b67243dd-f28d-451b-89fb-2099aee93dae-1024x768.jpg\" alt=\"\" class=\"wp-image-24943\" srcset=\"http:\/\/illyes-dombovar.hu\/honlap\/wp-content\/uploads\/2026\/03\/b67243dd-f28d-451b-89fb-2099aee93dae-1024x768.jpg 1024w, http:\/\/illyes-dombovar.hu\/honlap\/wp-content\/uploads\/2026\/03\/b67243dd-f28d-451b-89fb-2099aee93dae-300x225.jpg 300w, http:\/\/illyes-dombovar.hu\/honlap\/wp-content\/uploads\/2026\/03\/b67243dd-f28d-451b-89fb-2099aee93dae-768x576.jpg 768w, http:\/\/illyes-dombovar.hu\/honlap\/wp-content\/uploads\/2026\/03\/b67243dd-f28d-451b-89fb-2099aee93dae-1536x1152.jpg 1536w, http:\/\/illyes-dombovar.hu\/honlap\/wp-content\/uploads\/2026\/03\/b67243dd-f28d-451b-89fb-2099aee93dae-400x300.jpg 400w, http:\/\/illyes-dombovar.hu\/honlap\/wp-content\/uploads\/2026\/03\/b67243dd-f28d-451b-89fb-2099aee93dae.jpg 2048w\" sizes=\"auto, (max-width: 1024px) 100vw, 1024px\" \/><\/figure>\n\n\n\n<figure class=\"wp-block-video\"><video height=\"540\" style=\"aspect-ratio: 960 \/ 540;\" width=\"960\" controls src=\"https:\/\/illyes-dombovar.hu\/honlap\/wp-content\/uploads\/2026\/03\/cef60754-5626-47e1-8dcc-9c7504737609.mp4\"><\/video><\/figure>\n","protected":false},"excerpt":{"rendered":"<p>Ir\u00e1ny az orsz\u00e1gos d\u00f6nt\u0151! Az Aerobik Di\u00e1kolimpia Nyugat-magyarorsz\u00e1gi ter\u00fcleti fordul\u00f3j\u00e1t ebben a tan\u00e9vben F\u00f3ton rendezt\u00e9k m\u00e1rcius 22-\u00e9n. A 10 f\u0151re b\u0151v\u00fclt csapat tagjai nagy \u00f6nbizalommal, n\u00e9h\u00e1nyan h\u00e1romszoros orsz\u00e1gos bajnokk\u00e9nt utaztak [&hellip;]<\/p>\n","protected":false},"author":2,"featured_media":24945,"comment_status":"closed","ping_status":"closed","sticky":false,"template":"","format":"standard","meta":{"ngg_post_thumbnail":0,"footnotes":""},"categories":[1],"tags":[],"class_list":["post-24942","post","type-post","status-publish","format-standard","has-post-thumbnail","hentry","category-uncategorized"],"_links":{"self":[{"href":"http:\/\/illyes-dombovar.hu\/honlap\/wp-json\/wp\/v2\/posts\/24942","targetHints":{"allow":["GET"]}}],"collection":[{"href":"http:\/\/illyes-dombovar.hu\/honlap\/wp-json\/wp\/v2\/posts"}],"about":[{"href":"http:\/\/illyes-dombovar.hu\/honlap\/wp-json\/wp\/v2\/types\/post"}],"author":[{"embeddable":true,"href":"http:\/\/illyes-dombovar.hu\/honlap\/wp-json\/wp\/v2\/users\/2"}],"replies":[{"embeddable":true,"href":"http:\/\/illyes-dombovar.hu\/honlap\/wp-json\/wp\/v2\/comments?post=24942"}],"version-history":[{"count":1,"href":"http:\/\/illyes-dombovar.hu\/honlap\/wp-json\/wp\/v2\/posts\/24942\/revisions"}],"predecessor-version":[{"id":24947,"href":"http:\/\/illyes-dombovar.hu\/honlap\/wp-json\/wp\/v2\/posts\/24942\/revisions\/24947"}],"wp:featuredmedia":[{"embeddable":true,"href":"http:\/\/illyes-dombovar.hu\/honlap\/wp-json\/wp\/v2\/media\/24945"}],"wp:attachment":[{"href":"http:\/\/illyes-dombovar.hu\/honlap\/wp-json\/wp\/v2\/media?parent=24942"}],"wp:term":[{"taxonomy":"category","embeddable":true,"href":"http:\/\/illyes-dombovar.hu\/honlap\/wp-json\/wp\/v2\/categories?post=24942"},{"taxonomy":"post_tag","embeddable":true,"href":"http:\/\/illyes-dombovar.hu\/honlap\/wp-json\/wp\/v2\/tags?post=24942"}],"curies":[{"name":"wp","href":"https:\/\/api.w.org\/{rel}","templated":true}]}}