{"id":24235,"date":"2026-01-15T10:28:16","date_gmt":"2026-01-15T09:28:16","guid":{"rendered":"https:\/\/illyes-dombovar.hu\/honlap\/?p=24235"},"modified":"2026-01-15T10:28:18","modified_gmt":"2026-01-15T09:28:18","slug":"mindket-indulonk-tovabbjutott-a-varga-tamas-matematikaversenyen","status":"publish","type":"post","link":"http:\/\/illyes-dombovar.hu\/honlap\/mindket-indulonk-tovabbjutott-a-varga-tamas-matematikaversenyen\/","title":{"rendered":"Mindk\u00e9t indul\u00f3nk tov\u00e1bbjutott a Varga Tam\u00e1s matematikaversenyen"},"content":{"rendered":"\n<p>Mindk\u00e9t indul\u00f3nk tov\u00e1bbjutott a Varga Tam\u00e1s matematikaversenyen<\/p>\n\n\n\n<p>A Mategye Alap\u00edtv\u00e1ny matematikai tehets\u00e9g felismer\u00e9se c\u00e9lj\u00e1b\u00f3l l\u00e9trehozott Varga Tam\u00e1s Orsz\u00e1gos Matematikaverseny\u00e9n a magyarorsz\u00e1gi iskol\u00e1k 7. \u00e9s 8. \u00e9vfolyamos tanul\u00f3i vehetnek r\u00e9szt.<\/p>\n\n\n\n<p>A verseny els\u0151 fordul\u00f3j\u00e1ban, november 18-\u00e1n, k\u00e9t \u00f3ra alatt kellett megoldani a versenyfeladatokat. Mindk\u00e9t r\u00e9sztvev\u0151nk: Geller \u00c1kos (7.n) \u00e9s De Leeuw Van Weenen Eszter 8.n oszt\u00e1lyos tanul\u00f3 is kiv\u00e1l\u00f3an teljes\u00edtett, \u00edgy sikeresen tov\u00e1bbjutott a 3 fordul\u00f3s verseny 2. fordul\u00f3j\u00e1ba, mely janu\u00e1r 20-\u00e1n ker\u00fcl megrendez\u00e9sre.<\/p>\n\n\n\n<p>Eszter \u00e9s \u00c1kos matematika tan\u00e1ra So\u00f3s Gyop\u00e1r tan\u00e1rn\u0151.<\/p>\n\n\n\n<p>Gratul\u00e1lunk a nagyszer\u0171 eredm\u00e9nyekhez! Tov\u00e1bbi sok sikert k\u00edv\u00e1nunk!<\/p>\n\n\n\n<p>#illy\u00e9sgimi #k\u00f6zelhozz\u00e1d<\/p>\n\n\n\n<figure class=\"wp-block-image size-large\"><img loading=\"lazy\" decoding=\"async\" width=\"1024\" height=\"1024\" src=\"https:\/\/illyes-dombovar.hu\/honlap\/wp-content\/uploads\/2026\/01\/0befe087-8d23-431b-82ce-8087376846c1-1-1024x1024.jpg\" alt=\"\" class=\"wp-image-24236\" srcset=\"http:\/\/illyes-dombovar.hu\/honlap\/wp-content\/uploads\/2026\/01\/0befe087-8d23-431b-82ce-8087376846c1-1-1024x1024.jpg 1024w, http:\/\/illyes-dombovar.hu\/honlap\/wp-content\/uploads\/2026\/01\/0befe087-8d23-431b-82ce-8087376846c1-1-300x300.jpg 300w, http:\/\/illyes-dombovar.hu\/honlap\/wp-content\/uploads\/2026\/01\/0befe087-8d23-431b-82ce-8087376846c1-1-150x150.jpg 150w, http:\/\/illyes-dombovar.hu\/honlap\/wp-content\/uploads\/2026\/01\/0befe087-8d23-431b-82ce-8087376846c1-1-768x768.jpg 768w, http:\/\/illyes-dombovar.hu\/honlap\/wp-content\/uploads\/2026\/01\/0befe087-8d23-431b-82ce-8087376846c1-1-1536x1536.jpg 1536w, http:\/\/illyes-dombovar.hu\/honlap\/wp-content\/uploads\/2026\/01\/0befe087-8d23-431b-82ce-8087376846c1-1-2048x2048.jpg 2048w, http:\/\/illyes-dombovar.hu\/honlap\/wp-content\/uploads\/2026\/01\/0befe087-8d23-431b-82ce-8087376846c1-1-450x450.jpg 450w, http:\/\/illyes-dombovar.hu\/honlap\/wp-content\/uploads\/2026\/01\/0befe087-8d23-431b-82ce-8087376846c1-1-60x60.jpg 60w, http:\/\/illyes-dombovar.hu\/honlap\/wp-content\/uploads\/2026\/01\/0befe087-8d23-431b-82ce-8087376846c1-1-550x550.jpg 550w\" sizes=\"auto, (max-width: 1024px) 100vw, 1024px\" \/><\/figure>\n","protected":false},"excerpt":{"rendered":"<p>Mindk\u00e9t indul\u00f3nk tov\u00e1bbjutott a Varga Tam\u00e1s matematikaversenyen A Mategye Alap\u00edtv\u00e1ny matematikai tehets\u00e9g felismer\u00e9se c\u00e9lj\u00e1b\u00f3l l\u00e9trehozott Varga Tam\u00e1s Orsz\u00e1gos Matematikaverseny\u00e9n a magyarorsz\u00e1gi iskol\u00e1k 7. \u00e9s 8. \u00e9vfolyamos tanul\u00f3i vehetnek r\u00e9szt. A [&hellip;]<\/p>\n","protected":false},"author":2,"featured_media":24236,"comment_status":"closed","ping_status":"closed","sticky":false,"template":"","format":"standard","meta":{"ngg_post_thumbnail":0,"footnotes":""},"categories":[1],"tags":[],"class_list":["post-24235","post","type-post","status-publish","format-standard","has-post-thumbnail","hentry","category-uncategorized"],"_links":{"self":[{"href":"http:\/\/illyes-dombovar.hu\/honlap\/wp-json\/wp\/v2\/posts\/24235","targetHints":{"allow":["GET"]}}],"collection":[{"href":"http:\/\/illyes-dombovar.hu\/honlap\/wp-json\/wp\/v2\/posts"}],"about":[{"href":"http:\/\/illyes-dombovar.hu\/honlap\/wp-json\/wp\/v2\/types\/post"}],"author":[{"embeddable":true,"href":"http:\/\/illyes-dombovar.hu\/honlap\/wp-json\/wp\/v2\/users\/2"}],"replies":[{"embeddable":true,"href":"http:\/\/illyes-dombovar.hu\/honlap\/wp-json\/wp\/v2\/comments?post=24235"}],"version-history":[{"count":1,"href":"http:\/\/illyes-dombovar.hu\/honlap\/wp-json\/wp\/v2\/posts\/24235\/revisions"}],"predecessor-version":[{"id":24237,"href":"http:\/\/illyes-dombovar.hu\/honlap\/wp-json\/wp\/v2\/posts\/24235\/revisions\/24237"}],"wp:featuredmedia":[{"embeddable":true,"href":"http:\/\/illyes-dombovar.hu\/honlap\/wp-json\/wp\/v2\/media\/24236"}],"wp:attachment":[{"href":"http:\/\/illyes-dombovar.hu\/honlap\/wp-json\/wp\/v2\/media?parent=24235"}],"wp:term":[{"taxonomy":"category","embeddable":true,"href":"http:\/\/illyes-dombovar.hu\/honlap\/wp-json\/wp\/v2\/categories?post=24235"},{"taxonomy":"post_tag","embeddable":true,"href":"http:\/\/illyes-dombovar.hu\/honlap\/wp-json\/wp\/v2\/tags?post=24235"}],"curies":[{"name":"wp","href":"https:\/\/api.w.org\/{rel}","templated":true}]}}