{"id":24005,"date":"2025-12-01T13:55:15","date_gmt":"2025-12-01T12:55:15","guid":{"rendered":"https:\/\/illyes-dombovar.hu\/honlap\/?p=24005"},"modified":"2025-12-01T13:55:15","modified_gmt":"2025-12-01T12:55:15","slug":"bronzermet-nyert-csapatunk-a-b33-kosarlabda-diakolimpia-megyei-fordulojaban","status":"publish","type":"post","link":"http:\/\/illyes-dombovar.hu\/honlap\/bronzermet-nyert-csapatunk-a-b33-kosarlabda-diakolimpia-megyei-fordulojaban\/","title":{"rendered":"Bronz\u00e9rmet nyert csapatunk a B33 Kos\u00e1rlabda Di\u00e1kolimpia megyei fordul\u00f3j\u00e1ban"},"content":{"rendered":"\n<p>Bronz\u00e9rmet nyert csapatunk a B33 Kos\u00e1rlabda Di\u00e1kolimpia megyei fordul\u00f3j\u00e1ban<\/p>\n\n\n\n<p>Az idei tan\u00e9v B33 kos\u00e1rlabda verseny\u00e9nek megyei fordul\u00f3j\u00e1ra Sz\u00e9kesfeh\u00e9rv\u00e1rra utaztunk. 15 fi\u00fa csapat nevezett a korcsoportunkban, \u00edgy 4 csoportban kezd\u0151dtek meg a m\u00e9rk\u0151z\u00e9sek. A kezdett\u0151l felvett\u00fck az igen gyors j\u00e1t\u00e9k ritmus\u00e1t \u00e9s egym\u00e1s ut\u00e1n arattunk magabiztos gy\u0151zelmet. Mindh\u00e1rom csoport m\u00e9rk\u0151z\u00e9s\u00fcnket megnyert\u00fck, \u00edgy kereszt m\u00e9rk\u0151z\u00e9sek k\u00f6vetkeztek, ahol egy izgalmas csat\u00e1ban diadalmaskodtunk. J\u00f6hetett a meccs a d\u00f6nt\u0151be jut\u00e1s\u00e9rt. Egy \u201e\u00e9rdekes\u201d fordulatnak k\u00f6sz\u00f6nhet\u0151en a leger\u0151sebb csapattal ker\u00fclt\u00fcnk \u00f6ssze, akik ellen hatalmasat k\u00fczd\u00f6tt\u00fcnk, de sajnos p\u00e1r ponttal kikaptunk. V\u00e9g\u00fcl a bronz m\u00e9rk\u0151z\u00e9st magabiztos j\u00e1t\u00e9kkal nyert\u00fck meg, \u00edgy a dobog\u00f3 harmadik fok\u00e1ra \u00e1llhattak fel a fi\u00fak.<\/p>\n\n\n\n<p>J\u00e1t\u00e9kosaink kimagasl\u00f3 teljes\u00edtm\u00e9ny\u00e9re mindenki felfigyelt, a sr\u00e1cok az utols\u00f3 l\u00e9legzetv\u00e9telig k\u00fczd\u00f6ttek. Nagyon b\u00fcszk\u00e9k vagyunk a teljes\u00edtm\u00e9ny\u00fckre \u00e9s sz\u00edvb\u0151l gratul\u00e1lunk az eredm\u00e9nyhez. A fi\u00fak oszt\u00e1lyf\u0151n\u00f6ki dics\u00e9retben r\u00e9szes\u00fclnek.<\/p>\n\n\n\n<p>A csapat tagjai: Ruppert Dominik, Csomor P\u00e9ter, Fenyvesi Merse 12.n, Fenyvesi \u00c1bris 11.b. Edz\u0151: Laufer Gergely. K\u00eds\u00e9r\u0151: Kov\u00e1cs Vikt\u00f3ria.<\/p>\n\n\n\n<figure class=\"wp-block-image size-large\"><img loading=\"lazy\" decoding=\"async\" width=\"768\" height=\"1024\" src=\"https:\/\/illyes-dombovar.hu\/honlap\/wp-content\/uploads\/2025\/12\/617fd223-3f4c-4b12-bbd0-2c34b83f7583-768x1024.jpg\" alt=\"\" class=\"wp-image-24006\" srcset=\"http:\/\/illyes-dombovar.hu\/honlap\/wp-content\/uploads\/2025\/12\/617fd223-3f4c-4b12-bbd0-2c34b83f7583-768x1024.jpg 768w, http:\/\/illyes-dombovar.hu\/honlap\/wp-content\/uploads\/2025\/12\/617fd223-3f4c-4b12-bbd0-2c34b83f7583-225x300.jpg 225w, http:\/\/illyes-dombovar.hu\/honlap\/wp-content\/uploads\/2025\/12\/617fd223-3f4c-4b12-bbd0-2c34b83f7583-1152x1536.jpg 1152w, http:\/\/illyes-dombovar.hu\/honlap\/wp-content\/uploads\/2025\/12\/617fd223-3f4c-4b12-bbd0-2c34b83f7583.jpg 1536w\" sizes=\"auto, (max-width: 768px) 100vw, 768px\" \/><\/figure>\n","protected":false},"excerpt":{"rendered":"<p>Bronz\u00e9rmet nyert csapatunk a B33 Kos\u00e1rlabda Di\u00e1kolimpia megyei fordul\u00f3j\u00e1ban Az idei tan\u00e9v B33 kos\u00e1rlabda verseny\u00e9nek megyei fordul\u00f3j\u00e1ra Sz\u00e9kesfeh\u00e9rv\u00e1rra utaztunk. 15 fi\u00fa csapat nevezett a korcsoportunkban, \u00edgy 4 csoportban kezd\u0151dtek meg [&hellip;]<\/p>\n","protected":false},"author":2,"featured_media":24006,"comment_status":"closed","ping_status":"closed","sticky":false,"template":"","format":"standard","meta":{"ngg_post_thumbnail":0,"footnotes":""},"categories":[1],"tags":[],"class_list":["post-24005","post","type-post","status-publish","format-standard","has-post-thumbnail","hentry","category-uncategorized"],"_links":{"self":[{"href":"http:\/\/illyes-dombovar.hu\/honlap\/wp-json\/wp\/v2\/posts\/24005","targetHints":{"allow":["GET"]}}],"collection":[{"href":"http:\/\/illyes-dombovar.hu\/honlap\/wp-json\/wp\/v2\/posts"}],"about":[{"href":"http:\/\/illyes-dombovar.hu\/honlap\/wp-json\/wp\/v2\/types\/post"}],"author":[{"embeddable":true,"href":"http:\/\/illyes-dombovar.hu\/honlap\/wp-json\/wp\/v2\/users\/2"}],"replies":[{"embeddable":true,"href":"http:\/\/illyes-dombovar.hu\/honlap\/wp-json\/wp\/v2\/comments?post=24005"}],"version-history":[{"count":1,"href":"http:\/\/illyes-dombovar.hu\/honlap\/wp-json\/wp\/v2\/posts\/24005\/revisions"}],"predecessor-version":[{"id":24007,"href":"http:\/\/illyes-dombovar.hu\/honlap\/wp-json\/wp\/v2\/posts\/24005\/revisions\/24007"}],"wp:featuredmedia":[{"embeddable":true,"href":"http:\/\/illyes-dombovar.hu\/honlap\/wp-json\/wp\/v2\/media\/24006"}],"wp:attachment":[{"href":"http:\/\/illyes-dombovar.hu\/honlap\/wp-json\/wp\/v2\/media?parent=24005"}],"wp:term":[{"taxonomy":"category","embeddable":true,"href":"http:\/\/illyes-dombovar.hu\/honlap\/wp-json\/wp\/v2\/categories?post=24005"},{"taxonomy":"post_tag","embeddable":true,"href":"http:\/\/illyes-dombovar.hu\/honlap\/wp-json\/wp\/v2\/tags?post=24005"}],"curies":[{"name":"wp","href":"https:\/\/api.w.org\/{rel}","templated":true}]}}