{"id":23985,"date":"2025-11-24T14:16:49","date_gmt":"2025-11-24T13:16:49","guid":{"rendered":"https:\/\/illyes-dombovar.hu\/honlap\/?p=23985"},"modified":"2025-11-24T14:16:49","modified_gmt":"2025-11-24T13:16:49","slug":"diak-c-korosztaly-orszagos-judo-bajnoksag","status":"publish","type":"post","link":"http:\/\/illyes-dombovar.hu\/honlap\/diak-c-korosztaly-orszagos-judo-bajnoksag\/","title":{"rendered":"Di\u00e1k C koroszt\u00e1ly Orsz\u00e1gos Judo Bajnoks\u00e1g"},"content":{"rendered":"\n<p>\u00d6r\u00f6mmel fogadtuk a h\u00edrt, hogy november 22-\u00e9n, a Di\u00e1k C koroszt\u00e1ly Orsz\u00e1gos Judo Bajnoks\u00e1g\u00e1n iskol\u00e1nk 5.n oszt\u00e1lyos tanul\u00f3ja, Hartung Benjamin remek k\u00fczdelmekkel bronz\u00e9rmet szerzett! Benjamin edz\u0151je Bocz R\u00f3bert.\u00a0Gratul\u00e1lunk a sz\u00e9p eredm\u00e9nyhez! Tov\u00e1bbi sz\u00e9p sikereket k\u00edv\u00e1nunk!<\/p>\n\n\n\n<figure class=\"wp-block-image size-large\"><img loading=\"lazy\" decoding=\"async\" width=\"768\" height=\"1024\" src=\"https:\/\/illyes-dombovar.hu\/honlap\/wp-content\/uploads\/2025\/11\/Nevtelen-768x1024.jpg\" alt=\"\" class=\"wp-image-23986\" srcset=\"http:\/\/illyes-dombovar.hu\/honlap\/wp-content\/uploads\/2025\/11\/Nevtelen-768x1024.jpg 768w, http:\/\/illyes-dombovar.hu\/honlap\/wp-content\/uploads\/2025\/11\/Nevtelen-225x300.jpg 225w, http:\/\/illyes-dombovar.hu\/honlap\/wp-content\/uploads\/2025\/11\/Nevtelen-1152x1536.jpg 1152w, http:\/\/illyes-dombovar.hu\/honlap\/wp-content\/uploads\/2025\/11\/Nevtelen.jpg 1536w\" sizes=\"auto, (max-width: 768px) 100vw, 768px\" \/><\/figure>\n\n\n\n<figure class=\"wp-block-image size-large\"><img loading=\"lazy\" decoding=\"async\" width=\"1024\" height=\"768\" src=\"https:\/\/illyes-dombovar.hu\/honlap\/wp-content\/uploads\/2025\/11\/587227380_4265792450322613_2870685605588252811_n-1024x768.jpg\" alt=\"\" class=\"wp-image-23987\" srcset=\"http:\/\/illyes-dombovar.hu\/honlap\/wp-content\/uploads\/2025\/11\/587227380_4265792450322613_2870685605588252811_n-1024x768.jpg 1024w, http:\/\/illyes-dombovar.hu\/honlap\/wp-content\/uploads\/2025\/11\/587227380_4265792450322613_2870685605588252811_n-300x225.jpg 300w, http:\/\/illyes-dombovar.hu\/honlap\/wp-content\/uploads\/2025\/11\/587227380_4265792450322613_2870685605588252811_n-768x576.jpg 768w, http:\/\/illyes-dombovar.hu\/honlap\/wp-content\/uploads\/2025\/11\/587227380_4265792450322613_2870685605588252811_n-1536x1152.jpg 1536w, http:\/\/illyes-dombovar.hu\/honlap\/wp-content\/uploads\/2025\/11\/587227380_4265792450322613_2870685605588252811_n-400x300.jpg 400w, http:\/\/illyes-dombovar.hu\/honlap\/wp-content\/uploads\/2025\/11\/587227380_4265792450322613_2870685605588252811_n.jpg 2048w\" sizes=\"auto, (max-width: 1024px) 100vw, 1024px\" \/><\/figure>\n","protected":false},"excerpt":{"rendered":"<p>\u00d6r\u00f6mmel fogadtuk a h\u00edrt, hogy november 22-\u00e9n, a Di\u00e1k C koroszt\u00e1ly Orsz\u00e1gos Judo Bajnoks\u00e1g\u00e1n iskol\u00e1nk 5.n oszt\u00e1lyos tanul\u00f3ja, Hartung Benjamin remek k\u00fczdelmekkel bronz\u00e9rmet szerzett! Benjamin edz\u0151je Bocz R\u00f3bert.\u00a0Gratul\u00e1lunk a sz\u00e9p [&hellip;]<\/p>\n","protected":false},"author":2,"featured_media":23988,"comment_status":"closed","ping_status":"closed","sticky":false,"template":"","format":"standard","meta":{"ngg_post_thumbnail":0,"footnotes":""},"categories":[1],"tags":[],"class_list":["post-23985","post","type-post","status-publish","format-standard","has-post-thumbnail","hentry","category-uncategorized"],"_links":{"self":[{"href":"http:\/\/illyes-dombovar.hu\/honlap\/wp-json\/wp\/v2\/posts\/23985","targetHints":{"allow":["GET"]}}],"collection":[{"href":"http:\/\/illyes-dombovar.hu\/honlap\/wp-json\/wp\/v2\/posts"}],"about":[{"href":"http:\/\/illyes-dombovar.hu\/honlap\/wp-json\/wp\/v2\/types\/post"}],"author":[{"embeddable":true,"href":"http:\/\/illyes-dombovar.hu\/honlap\/wp-json\/wp\/v2\/users\/2"}],"replies":[{"embeddable":true,"href":"http:\/\/illyes-dombovar.hu\/honlap\/wp-json\/wp\/v2\/comments?post=23985"}],"version-history":[{"count":1,"href":"http:\/\/illyes-dombovar.hu\/honlap\/wp-json\/wp\/v2\/posts\/23985\/revisions"}],"predecessor-version":[{"id":23989,"href":"http:\/\/illyes-dombovar.hu\/honlap\/wp-json\/wp\/v2\/posts\/23985\/revisions\/23989"}],"wp:featuredmedia":[{"embeddable":true,"href":"http:\/\/illyes-dombovar.hu\/honlap\/wp-json\/wp\/v2\/media\/23988"}],"wp:attachment":[{"href":"http:\/\/illyes-dombovar.hu\/honlap\/wp-json\/wp\/v2\/media?parent=23985"}],"wp:term":[{"taxonomy":"category","embeddable":true,"href":"http:\/\/illyes-dombovar.hu\/honlap\/wp-json\/wp\/v2\/categories?post=23985"},{"taxonomy":"post_tag","embeddable":true,"href":"http:\/\/illyes-dombovar.hu\/honlap\/wp-json\/wp\/v2\/tags?post=23985"}],"curies":[{"name":"wp","href":"https:\/\/api.w.org\/{rel}","templated":true}]}}