{"id":22381,"date":"2025-05-06T08:51:29","date_gmt":"2025-05-06T07:51:29","guid":{"rendered":"https:\/\/illyes-dombovar.hu\/honlap\/?p=22381"},"modified":"2025-05-06T08:51:29","modified_gmt":"2025-05-06T07:51:29","slug":"harmath-sebestyen-folenyes-gyozelme-a-varosi-tobbproba-versenyen","status":"publish","type":"post","link":"http:\/\/illyes-dombovar.hu\/honlap\/harmath-sebestyen-folenyes-gyozelme-a-varosi-tobbproba-versenyen\/","title":{"rendered":"Harmath Sebesty\u00e9n f\u00f6l\u00e9nyes gy\u0151zelme a v\u00e1rosi t\u00f6bbpr\u00f3ba versenyen"},"content":{"rendered":"\n<p>Harmath Sebesty\u00e9n f\u00f6l\u00e9nyes gy\u0151zelme a v\u00e1rosi t\u00f6bbpr\u00f3ba versenyen<\/p>\n\n\n\n<p>K\u00e9t tanul\u00f3nk Harmath Sebesty\u00e9n \u00e9s Polg\u00e1r \u00c1rp\u00e1d Bence indult a v\u00e1rosi t\u00f6bbpr\u00f3ba versenyen a III. korcsoportos fi\u00fak mez\u0151ny\u00e9ben, ahol n\u00e9gy versenysz\u00e1mban kellett megm\u00e9rettetni magukat az atl\u00e9t\u00e1knak: kislabdahaj\u00edt\u00e1s, 60 m, t\u00e1volugr\u00e1s \u00e9s 600 m. Mindk\u00e9t fi\u00fa j\u00f3 form\u00e1ban versenyzett, Sebesty\u00e9n kiemelkedett a mez\u0151nyb\u0151l \u00e9s v\u00e9g\u00fcl f\u00f6l\u00e9nyesen gy\u0151z\u00f6tt, \u00edgy tov\u00e1bbjutott a megyei d\u00f6nt\u0151be! Gratul\u00e1lunk a sz\u00e9p eredm\u00e9nyekhez \u00e9s tov\u00e1bbi sok sikert k\u00edv\u00e1nunk! Edz\u0151k: Tarr Imre, Fazekas G\u00e1sp\u00e1r.<\/p>\n\n\n\n<figure class=\"wp-block-image size-full\"><img loading=\"lazy\" decoding=\"async\" width=\"768\" height=\"1024\" src=\"https:\/\/illyes-dombovar.hu\/honlap\/wp-content\/uploads\/2025\/05\/495124661_1088139070026700_7343791173870068625_n.jpg\" alt=\"\" class=\"wp-image-22382\" srcset=\"http:\/\/illyes-dombovar.hu\/honlap\/wp-content\/uploads\/2025\/05\/495124661_1088139070026700_7343791173870068625_n.jpg 768w, http:\/\/illyes-dombovar.hu\/honlap\/wp-content\/uploads\/2025\/05\/495124661_1088139070026700_7343791173870068625_n-225x300.jpg 225w\" sizes=\"auto, (max-width: 768px) 100vw, 768px\" \/><\/figure>\n","protected":false},"excerpt":{"rendered":"<p>Harmath Sebesty\u00e9n f\u00f6l\u00e9nyes gy\u0151zelme a v\u00e1rosi t\u00f6bbpr\u00f3ba versenyen K\u00e9t tanul\u00f3nk Harmath Sebesty\u00e9n \u00e9s Polg\u00e1r \u00c1rp\u00e1d Bence indult a v\u00e1rosi t\u00f6bbpr\u00f3ba versenyen a III. korcsoportos fi\u00fak mez\u0151ny\u00e9ben, ahol n\u00e9gy versenysz\u00e1mban kellett [&hellip;]<\/p>\n","protected":false},"author":2,"featured_media":22383,"comment_status":"closed","ping_status":"closed","sticky":false,"template":"","format":"standard","meta":{"ngg_post_thumbnail":0,"footnotes":""},"categories":[1],"tags":[],"class_list":["post-22381","post","type-post","status-publish","format-standard","has-post-thumbnail","hentry","category-uncategorized"],"_links":{"self":[{"href":"http:\/\/illyes-dombovar.hu\/honlap\/wp-json\/wp\/v2\/posts\/22381","targetHints":{"allow":["GET"]}}],"collection":[{"href":"http:\/\/illyes-dombovar.hu\/honlap\/wp-json\/wp\/v2\/posts"}],"about":[{"href":"http:\/\/illyes-dombovar.hu\/honlap\/wp-json\/wp\/v2\/types\/post"}],"author":[{"embeddable":true,"href":"http:\/\/illyes-dombovar.hu\/honlap\/wp-json\/wp\/v2\/users\/2"}],"replies":[{"embeddable":true,"href":"http:\/\/illyes-dombovar.hu\/honlap\/wp-json\/wp\/v2\/comments?post=22381"}],"version-history":[{"count":1,"href":"http:\/\/illyes-dombovar.hu\/honlap\/wp-json\/wp\/v2\/posts\/22381\/revisions"}],"predecessor-version":[{"id":22384,"href":"http:\/\/illyes-dombovar.hu\/honlap\/wp-json\/wp\/v2\/posts\/22381\/revisions\/22384"}],"wp:featuredmedia":[{"embeddable":true,"href":"http:\/\/illyes-dombovar.hu\/honlap\/wp-json\/wp\/v2\/media\/22383"}],"wp:attachment":[{"href":"http:\/\/illyes-dombovar.hu\/honlap\/wp-json\/wp\/v2\/media?parent=22381"}],"wp:term":[{"taxonomy":"category","embeddable":true,"href":"http:\/\/illyes-dombovar.hu\/honlap\/wp-json\/wp\/v2\/categories?post=22381"},{"taxonomy":"post_tag","embeddable":true,"href":"http:\/\/illyes-dombovar.hu\/honlap\/wp-json\/wp\/v2\/tags?post=22381"}],"curies":[{"name":"wp","href":"https:\/\/api.w.org\/{rel}","templated":true}]}}