{"id":22146,"date":"2025-04-30T07:25:31","date_gmt":"2025-04-30T06:25:31","guid":{"rendered":"https:\/\/illyes-dombovar.hu\/honlap\/?p=22146"},"modified":"2025-04-30T07:25:31","modified_gmt":"2025-04-30T06:25:31","slug":"panka-bronzeremmel-zarta-az-utanpotlas-magyar-kupat","status":"publish","type":"post","link":"http:\/\/illyes-dombovar.hu\/honlap\/panka-bronzeremmel-zarta-az-utanpotlas-magyar-kupat\/","title":{"rendered":"Panka bronz\u00e9remmel z\u00e1rta az Ut\u00e1np\u00f3tl\u00e1s Magyar Kup\u00e1t"},"content":{"rendered":"\n<p>Panka bronz\u00e9remmel z\u00e1rta az Ut\u00e1np\u00f3tl\u00e1s Magyar Kup\u00e1t<\/p>\n\n\n\n<p>\u00d6r\u00f6mmel fogadtuk a h\u00edrt Sziv\u00e1k Panka 6.n oszt\u00e1lyos tanul\u00f3nk siker\u00e9r\u0151l a P\u00e9csen megrendez\u00e9sre ker\u00fcl\u0151 n\u00e9gy napos Ut\u00e1np\u00f3tl\u00e1s Magyar Kup\u00e1n. A Forgi Box Clubban\u00a0sportol\u00f3 di\u00e1k az U15-\u00f6s n\u0151i koroszt\u00e1lyban 53 kg-ban bronz\u00e9rmet szerzett! Edz\u0151je Forg\u00e1cs S\u00e1ndor. Gratul\u00e1lunk!<\/p>\n\n\n\n<figure class=\"wp-block-image size-large\"><img loading=\"lazy\" decoding=\"async\" width=\"768\" height=\"1024\" src=\"https:\/\/illyes-dombovar.hu\/honlap\/wp-content\/uploads\/2025\/04\/unnamed-768x1024.jpg\" alt=\"\" class=\"wp-image-22147\" srcset=\"http:\/\/illyes-dombovar.hu\/honlap\/wp-content\/uploads\/2025\/04\/unnamed-768x1024.jpg 768w, http:\/\/illyes-dombovar.hu\/honlap\/wp-content\/uploads\/2025\/04\/unnamed-225x300.jpg 225w, http:\/\/illyes-dombovar.hu\/honlap\/wp-content\/uploads\/2025\/04\/unnamed-1152x1536.jpg 1152w, http:\/\/illyes-dombovar.hu\/honlap\/wp-content\/uploads\/2025\/04\/unnamed-1536x2048.jpg 1536w, http:\/\/illyes-dombovar.hu\/honlap\/wp-content\/uploads\/2025\/04\/unnamed-scaled.jpg 1920w\" sizes=\"auto, (max-width: 768px) 100vw, 768px\" \/><\/figure>\n","protected":false},"excerpt":{"rendered":"<p>Panka bronz\u00e9remmel z\u00e1rta az Ut\u00e1np\u00f3tl\u00e1s Magyar Kup\u00e1t \u00d6r\u00f6mmel fogadtuk a h\u00edrt Sziv\u00e1k Panka 6.n oszt\u00e1lyos tanul\u00f3nk siker\u00e9r\u0151l a P\u00e9csen megrendez\u00e9sre ker\u00fcl\u0151 n\u00e9gy napos Ut\u00e1np\u00f3tl\u00e1s Magyar Kup\u00e1n. A Forgi Box Clubban\u00a0sportol\u00f3 [&hellip;]<\/p>\n","protected":false},"author":2,"featured_media":22148,"comment_status":"closed","ping_status":"closed","sticky":false,"template":"","format":"standard","meta":{"ngg_post_thumbnail":0,"footnotes":""},"categories":[1],"tags":[],"class_list":["post-22146","post","type-post","status-publish","format-standard","has-post-thumbnail","hentry","category-uncategorized"],"_links":{"self":[{"href":"http:\/\/illyes-dombovar.hu\/honlap\/wp-json\/wp\/v2\/posts\/22146","targetHints":{"allow":["GET"]}}],"collection":[{"href":"http:\/\/illyes-dombovar.hu\/honlap\/wp-json\/wp\/v2\/posts"}],"about":[{"href":"http:\/\/illyes-dombovar.hu\/honlap\/wp-json\/wp\/v2\/types\/post"}],"author":[{"embeddable":true,"href":"http:\/\/illyes-dombovar.hu\/honlap\/wp-json\/wp\/v2\/users\/2"}],"replies":[{"embeddable":true,"href":"http:\/\/illyes-dombovar.hu\/honlap\/wp-json\/wp\/v2\/comments?post=22146"}],"version-history":[{"count":1,"href":"http:\/\/illyes-dombovar.hu\/honlap\/wp-json\/wp\/v2\/posts\/22146\/revisions"}],"predecessor-version":[{"id":22149,"href":"http:\/\/illyes-dombovar.hu\/honlap\/wp-json\/wp\/v2\/posts\/22146\/revisions\/22149"}],"wp:featuredmedia":[{"embeddable":true,"href":"http:\/\/illyes-dombovar.hu\/honlap\/wp-json\/wp\/v2\/media\/22148"}],"wp:attachment":[{"href":"http:\/\/illyes-dombovar.hu\/honlap\/wp-json\/wp\/v2\/media?parent=22146"}],"wp:term":[{"taxonomy":"category","embeddable":true,"href":"http:\/\/illyes-dombovar.hu\/honlap\/wp-json\/wp\/v2\/categories?post=22146"},{"taxonomy":"post_tag","embeddable":true,"href":"http:\/\/illyes-dombovar.hu\/honlap\/wp-json\/wp\/v2\/tags?post=22146"}],"curies":[{"name":"wp","href":"https:\/\/api.w.org\/{rel}","templated":true}]}}