{"id":22120,"date":"2025-04-14T12:47:20","date_gmt":"2025-04-14T11:47:20","guid":{"rendered":"https:\/\/illyes-dombovar.hu\/honlap\/?p=22120"},"modified":"2025-04-14T12:47:22","modified_gmt":"2025-04-14T11:47:22","slug":"veradas-7","status":"publish","type":"post","link":"http:\/\/illyes-dombovar.hu\/honlap\/veradas-7\/","title":{"rendered":"V\u00e9rad\u00e1s"},"content":{"rendered":"\n<p>V\u00e9rad\u00e1s<\/p>\n\n\n\n<p>\u00c1prilis 11-\u00e9n a Magyar V\u00f6r\u00f6skereszt&nbsp;v\u00e9rad\u00e1stszervezett iskol\u00e1nkban a v\u00e9rell\u00e1t\u00e1sban kialakult rendk\u00edv\u00fcli helyzetre tekintettel. Sz\u00edvb\u0151l k\u00f6sz\u00f6nj\u00fck mindazoknak, akik v\u00e1llalt\u00e1k a seg\u00edts\u00e9get!&nbsp;<\/p>\n\n\n\n<figure class=\"wp-block-image size-large\"><img loading=\"lazy\" decoding=\"async\" width=\"1024\" height=\"683\" src=\"https:\/\/illyes-dombovar.hu\/honlap\/wp-content\/uploads\/2025\/04\/IGY_1411-1024x683.jpg\" alt=\"\" class=\"wp-image-22121\" srcset=\"http:\/\/illyes-dombovar.hu\/honlap\/wp-content\/uploads\/2025\/04\/IGY_1411-1024x683.jpg 1024w, http:\/\/illyes-dombovar.hu\/honlap\/wp-content\/uploads\/2025\/04\/IGY_1411-300x200.jpg 300w, http:\/\/illyes-dombovar.hu\/honlap\/wp-content\/uploads\/2025\/04\/IGY_1411-768x512.jpg 768w, http:\/\/illyes-dombovar.hu\/honlap\/wp-content\/uploads\/2025\/04\/IGY_1411-1536x1024.jpg 1536w, http:\/\/illyes-dombovar.hu\/honlap\/wp-content\/uploads\/2025\/04\/IGY_1411-2048x1365.jpg 2048w, http:\/\/illyes-dombovar.hu\/honlap\/wp-content\/uploads\/2025\/04\/IGY_1411-450x300.jpg 450w\" sizes=\"auto, (max-width: 1024px) 100vw, 1024px\" \/><\/figure>\n\n\n\n<figure class=\"wp-block-image size-large\"><img loading=\"lazy\" decoding=\"async\" width=\"1024\" height=\"683\" src=\"https:\/\/illyes-dombovar.hu\/honlap\/wp-content\/uploads\/2025\/04\/IGY_1415-1024x683.jpg\" alt=\"\" class=\"wp-image-22122\" srcset=\"http:\/\/illyes-dombovar.hu\/honlap\/wp-content\/uploads\/2025\/04\/IGY_1415-1024x683.jpg 1024w, http:\/\/illyes-dombovar.hu\/honlap\/wp-content\/uploads\/2025\/04\/IGY_1415-300x200.jpg 300w, http:\/\/illyes-dombovar.hu\/honlap\/wp-content\/uploads\/2025\/04\/IGY_1415-768x512.jpg 768w, http:\/\/illyes-dombovar.hu\/honlap\/wp-content\/uploads\/2025\/04\/IGY_1415-1536x1024.jpg 1536w, http:\/\/illyes-dombovar.hu\/honlap\/wp-content\/uploads\/2025\/04\/IGY_1415-2048x1365.jpg 2048w, http:\/\/illyes-dombovar.hu\/honlap\/wp-content\/uploads\/2025\/04\/IGY_1415-450x300.jpg 450w\" sizes=\"auto, (max-width: 1024px) 100vw, 1024px\" \/><\/figure>\n\n\n\n<figure class=\"wp-block-image size-large\"><img loading=\"lazy\" decoding=\"async\" width=\"1024\" height=\"683\" src=\"https:\/\/illyes-dombovar.hu\/honlap\/wp-content\/uploads\/2025\/04\/IGY_1418-1024x683.jpg\" alt=\"\" class=\"wp-image-22123\" srcset=\"http:\/\/illyes-dombovar.hu\/honlap\/wp-content\/uploads\/2025\/04\/IGY_1418-1024x683.jpg 1024w, http:\/\/illyes-dombovar.hu\/honlap\/wp-content\/uploads\/2025\/04\/IGY_1418-300x200.jpg 300w, http:\/\/illyes-dombovar.hu\/honlap\/wp-content\/uploads\/2025\/04\/IGY_1418-768x512.jpg 768w, http:\/\/illyes-dombovar.hu\/honlap\/wp-content\/uploads\/2025\/04\/IGY_1418-1536x1024.jpg 1536w, http:\/\/illyes-dombovar.hu\/honlap\/wp-content\/uploads\/2025\/04\/IGY_1418-2048x1365.jpg 2048w, http:\/\/illyes-dombovar.hu\/honlap\/wp-content\/uploads\/2025\/04\/IGY_1418-450x300.jpg 450w\" sizes=\"auto, (max-width: 1024px) 100vw, 1024px\" \/><\/figure>\n\n\n\n<figure class=\"wp-block-image size-large\"><img loading=\"lazy\" decoding=\"async\" width=\"683\" height=\"1024\" src=\"https:\/\/illyes-dombovar.hu\/honlap\/wp-content\/uploads\/2025\/04\/IGY_1421-683x1024.jpg\" alt=\"\" class=\"wp-image-22124\" srcset=\"http:\/\/illyes-dombovar.hu\/honlap\/wp-content\/uploads\/2025\/04\/IGY_1421-683x1024.jpg 683w, http:\/\/illyes-dombovar.hu\/honlap\/wp-content\/uploads\/2025\/04\/IGY_1421-200x300.jpg 200w, http:\/\/illyes-dombovar.hu\/honlap\/wp-content\/uploads\/2025\/04\/IGY_1421-768x1152.jpg 768w, http:\/\/illyes-dombovar.hu\/honlap\/wp-content\/uploads\/2025\/04\/IGY_1421-1024x1536.jpg 1024w, http:\/\/illyes-dombovar.hu\/honlap\/wp-content\/uploads\/2025\/04\/IGY_1421-1365x2048.jpg 1365w, http:\/\/illyes-dombovar.hu\/honlap\/wp-content\/uploads\/2025\/04\/IGY_1421-scaled.jpg 1707w\" sizes=\"auto, (max-width: 683px) 100vw, 683px\" \/><\/figure>\n\n\n\n<figure class=\"wp-block-image size-large\"><img loading=\"lazy\" decoding=\"async\" width=\"1024\" height=\"683\" src=\"https:\/\/illyes-dombovar.hu\/honlap\/wp-content\/uploads\/2025\/04\/IGY_1412-1024x683.jpg\" alt=\"\" class=\"wp-image-22125\" srcset=\"http:\/\/illyes-dombovar.hu\/honlap\/wp-content\/uploads\/2025\/04\/IGY_1412-1024x683.jpg 1024w, http:\/\/illyes-dombovar.hu\/honlap\/wp-content\/uploads\/2025\/04\/IGY_1412-300x200.jpg 300w, http:\/\/illyes-dombovar.hu\/honlap\/wp-content\/uploads\/2025\/04\/IGY_1412-768x512.jpg 768w, http:\/\/illyes-dombovar.hu\/honlap\/wp-content\/uploads\/2025\/04\/IGY_1412-1536x1024.jpg 1536w, http:\/\/illyes-dombovar.hu\/honlap\/wp-content\/uploads\/2025\/04\/IGY_1412-2048x1365.jpg 2048w, http:\/\/illyes-dombovar.hu\/honlap\/wp-content\/uploads\/2025\/04\/IGY_1412-450x300.jpg 450w\" sizes=\"auto, (max-width: 1024px) 100vw, 1024px\" \/><\/figure>\n","protected":false},"excerpt":{"rendered":"<p>V\u00e9rad\u00e1s \u00c1prilis 11-\u00e9n a Magyar V\u00f6r\u00f6skereszt&nbsp;v\u00e9rad\u00e1stszervezett iskol\u00e1nkban a v\u00e9rell\u00e1t\u00e1sban kialakult rendk\u00edv\u00fcli helyzetre tekintettel. Sz\u00edvb\u0151l k\u00f6sz\u00f6nj\u00fck mindazoknak, akik v\u00e1llalt\u00e1k a seg\u00edts\u00e9get!&nbsp;<\/p>\n","protected":false},"author":2,"featured_media":22125,"comment_status":"closed","ping_status":"closed","sticky":false,"template":"","format":"standard","meta":{"ngg_post_thumbnail":0,"footnotes":""},"categories":[1],"tags":[],"class_list":["post-22120","post","type-post","status-publish","format-standard","has-post-thumbnail","hentry","category-uncategorized"],"_links":{"self":[{"href":"http:\/\/illyes-dombovar.hu\/honlap\/wp-json\/wp\/v2\/posts\/22120","targetHints":{"allow":["GET"]}}],"collection":[{"href":"http:\/\/illyes-dombovar.hu\/honlap\/wp-json\/wp\/v2\/posts"}],"about":[{"href":"http:\/\/illyes-dombovar.hu\/honlap\/wp-json\/wp\/v2\/types\/post"}],"author":[{"embeddable":true,"href":"http:\/\/illyes-dombovar.hu\/honlap\/wp-json\/wp\/v2\/users\/2"}],"replies":[{"embeddable":true,"href":"http:\/\/illyes-dombovar.hu\/honlap\/wp-json\/wp\/v2\/comments?post=22120"}],"version-history":[{"count":1,"href":"http:\/\/illyes-dombovar.hu\/honlap\/wp-json\/wp\/v2\/posts\/22120\/revisions"}],"predecessor-version":[{"id":22126,"href":"http:\/\/illyes-dombovar.hu\/honlap\/wp-json\/wp\/v2\/posts\/22120\/revisions\/22126"}],"wp:featuredmedia":[{"embeddable":true,"href":"http:\/\/illyes-dombovar.hu\/honlap\/wp-json\/wp\/v2\/media\/22125"}],"wp:attachment":[{"href":"http:\/\/illyes-dombovar.hu\/honlap\/wp-json\/wp\/v2\/media?parent=22120"}],"wp:term":[{"taxonomy":"category","embeddable":true,"href":"http:\/\/illyes-dombovar.hu\/honlap\/wp-json\/wp\/v2\/categories?post=22120"},{"taxonomy":"post_tag","embeddable":true,"href":"http:\/\/illyes-dombovar.hu\/honlap\/wp-json\/wp\/v2\/tags?post=22120"}],"curies":[{"name":"wp","href":"https:\/\/api.w.org\/{rel}","templated":true}]}}