{"id":2206,"date":"2020-09-21T13:36:00","date_gmt":"2020-09-21T13:36:00","guid":{"rendered":"http:\/\/teszt.illyes-dombovar.hu\/honlap\/?p=2206"},"modified":"2020-09-21T13:36:02","modified_gmt":"2020-09-21T13:36:02","slug":"iskolank-alapitvanya-varosi-kispalyas-labdarugo-tornat-rendezett-az-altalanos-iskolas-tanulok-szamara-az-5-8-evfolyamon","status":"publish","type":"post","link":"http:\/\/illyes-dombovar.hu\/honlap\/iskolank-alapitvanya-varosi-kispalyas-labdarugo-tornat-rendezett-az-altalanos-iskolas-tanulok-szamara-az-5-8-evfolyamon\/","title":{"rendered":"Iskol\u00e1nk alap\u00edtv\u00e1nya v\u00e1rosi kisp\u00e1ly\u00e1s labdar\u00fag\u00f3 torn\u00e1t rendezett az \u00e1ltal\u00e1nos iskol\u00e1s tanul\u00f3k sz\u00e1m\u00e1ra az 5-8. \u00e9vfolyamon"},"content":{"rendered":"\n<p>Az <strong>Eur\u00f3pai Uni\u00f3 TOP-7.1.1.-16-H-ESZA-2019-00127<\/strong>-es sz\u00e1m\u00fa p\u00e1ly\u00e1zati t\u00e1mogat\u00e1s\u00e1nak k\u00f6sz\u00f6nhet\u0151en iskol\u00e1nk alap\u00edtv\u00e1nya <strong><em>v\u00e1rosi kisp\u00e1ly\u00e1s labdar\u00fag\u00f3 torn\u00e1t rendezett az \u00e1ltal\u00e1nos iskol\u00e1s tanul\u00f3k sz\u00e1m\u00e1ra az 5-8. \u00e9vfolyamon<\/em><\/strong>.<\/p>\n\n\n\n<p>A torn\u00e1ra 2020. szeptember 17-\u00e9n (cs\u00fct\u00f6rt\u00f6k\u00f6n) ker\u00fclt sor int\u00e9zm\u00e9ny\u00fcnk meg\u00fajult m\u0171f\u00fcves p\u00e1ly\u00e1j\u00e1n. A rendezv\u00e9nyen a h\u00e1zigazda Domb\u00f3v\u00e1ri Illy\u00e9s Gyula Gimn\u00e1ziumot 4 csapat k\u00e9pviselte, s vend\u00e9g\u00fcl l\u00e1ttuk a Domb\u00f3v\u00e1ri Belv\u00e1rosi \u00c1ltal\u00e1nos Iskola \u00e9s a J\u00f3zsef Attila \u00c1ltal\u00e1nos Iskola csapatait is. A 6 csapat el\u0151sz\u00f6r k\u00e9t csoportban m\u00e9rk\u0151z\u00f6tt meg egym\u00e1ssal, majd a csoportok megfelel\u0151 helyezettjei j\u00e1tszottak a helyoszt\u00f3kon.<\/p>\n\n\n\n<p><strong><em>A focitorna bronz\u00e9rmesei a Belv\u00e1rosi, ez\u00fcst\u00e9rmesei a J\u00f3zsef Attila \u00c1ltal\u00e1nos Iskola tanul\u00f3i lettek. A gy\u0151zelmet a domb\u00f3v\u00e1ri gimn\u00e1zium 8. n oszt\u00e1ly\u00e1nak g\u00e1rd\u00e1ja szerezte meg.<\/em><\/strong><\/p>\n\n\n\n<p>Az \u00e9rmek mell\u00e9 minden dobog\u00f3s csapat jutalomk\u00e9nt egy kup\u00e1t is \u00e1tvehetett. A testnevel\u0151 tan\u00e1rok szavazati alapj\u00e1n a szervez\u0151k d\u00edjazt\u00e1k a legjobb j\u00e1t\u00e9kosokat is. A legjobb g\u00f3ll\u00f6v\u0151 a <strong>gimnazista<\/strong> <strong>T\u00f6r\u00f6k Bal\u00e1zs<\/strong> lett. A legjobb j\u00e1t\u00e9kosnak <strong>a J\u00f3zsef Attil\u00e1ba j\u00e1r\u00f3<\/strong> <strong>Gy\u00e1n\u00f3 Lilit<\/strong> v\u00e1lasztott\u00e1k, a legjobb kapus c\u00edmet szint\u00e9n <strong>gimnazista<\/strong>, <strong>Ruppert Dominik<\/strong> \u00e9rdemelte ki.<\/p>\n\n\n\n<p><strong><em>A szervez\u0151k k\u00f6sz\u00f6net\u00fcket fejezik ki a Tin\u00f3di H\u00e1z vezet\u00e9s\u00e9nek \u00e9s munkat\u00e1rsainak,<\/em><\/strong> akik hivatalos szervez\u0151k\u00e9nt seg\u00edtett\u00e9k az el\u0151k\u00e9sz\u00fcleteket \u00e9s a lebonyol\u00edt\u00e1st.<\/p>\n\n\n\nngg_shortcode_0_placeholder\n","protected":false},"excerpt":{"rendered":"<p>Az Eur\u00f3pai Uni\u00f3 TOP-7.1.1.-16-H-ESZA-2019-00127-es sz\u00e1m\u00fa p\u00e1ly\u00e1zati t\u00e1mogat\u00e1s\u00e1nak k\u00f6sz\u00f6nhet\u0151en iskol\u00e1nk alap\u00edtv\u00e1nya v\u00e1rosi kisp\u00e1ly\u00e1s labdar\u00fag\u00f3 torn\u00e1t rendezett az \u00e1ltal\u00e1nos iskol\u00e1s tanul\u00f3k sz\u00e1m\u00e1ra az 5-8. \u00e9vfolyamon. A torn\u00e1ra 2020. szeptember 17-\u00e9n (cs\u00fct\u00f6rt\u00f6k\u00f6n) ker\u00fclt [&hellip;]<\/p>\n","protected":false},"author":2,"featured_media":2207,"comment_status":"closed","ping_status":"closed","sticky":false,"template":"","format":"standard","meta":{"ngg_post_thumbnail":0,"footnotes":""},"categories":[1],"tags":[],"class_list":["post-2206","post","type-post","status-publish","format-standard","has-post-thumbnail","hentry","category-uncategorized"],"_links":{"self":[{"href":"http:\/\/illyes-dombovar.hu\/honlap\/wp-json\/wp\/v2\/posts\/2206","targetHints":{"allow":["GET"]}}],"collection":[{"href":"http:\/\/illyes-dombovar.hu\/honlap\/wp-json\/wp\/v2\/posts"}],"about":[{"href":"http:\/\/illyes-dombovar.hu\/honlap\/wp-json\/wp\/v2\/types\/post"}],"author":[{"embeddable":true,"href":"http:\/\/illyes-dombovar.hu\/honlap\/wp-json\/wp\/v2\/users\/2"}],"replies":[{"embeddable":true,"href":"http:\/\/illyes-dombovar.hu\/honlap\/wp-json\/wp\/v2\/comments?post=2206"}],"version-history":[{"count":1,"href":"http:\/\/illyes-dombovar.hu\/honlap\/wp-json\/wp\/v2\/posts\/2206\/revisions"}],"predecessor-version":[{"id":2220,"href":"http:\/\/illyes-dombovar.hu\/honlap\/wp-json\/wp\/v2\/posts\/2206\/revisions\/2220"}],"wp:featuredmedia":[{"embeddable":true,"href":"http:\/\/illyes-dombovar.hu\/honlap\/wp-json\/wp\/v2\/media\/2207"}],"wp:attachment":[{"href":"http:\/\/illyes-dombovar.hu\/honlap\/wp-json\/wp\/v2\/media?parent=2206"}],"wp:term":[{"taxonomy":"category","embeddable":true,"href":"http:\/\/illyes-dombovar.hu\/honlap\/wp-json\/wp\/v2\/categories?post=2206"},{"taxonomy":"post_tag","embeddable":true,"href":"http:\/\/illyes-dombovar.hu\/honlap\/wp-json\/wp\/v2\/tags?post=2206"}],"curies":[{"name":"wp","href":"https:\/\/api.w.org\/{rel}","templated":true}]}}