{"id":11024,"date":"2020-11-10T10:34:21","date_gmt":"2020-11-10T10:34:21","guid":{"rendered":"http:\/\/illyes-dombovar.hu\/honlap\/?p=11024"},"modified":"2020-11-10T10:34:24","modified_gmt":"2020-11-10T10:34:24","slug":"aktualis-jarvanyugyi-tajekoztato","status":"publish","type":"post","link":"http:\/\/illyes-dombovar.hu\/honlap\/aktualis-jarvanyugyi-tajekoztato\/","title":{"rendered":"Aktu\u00e1lis j\u00e1rv\u00e1ny\u00fcgyi t\u00e1j\u00e9koztat\u00f3"},"content":{"rendered":"\n<p>Int\u00e9zm\u00e9ny\u00fcnk 9-12. \u00e9vfolyama a korm\u00e1ny d\u00f6nt\u00e9se alapj\u00e1n 2020. november 11-\u00e9n ism\u00e9t digit\u00e1lis oktat\u00e1sra v\u00e1lt \u00e1t. Mindenkit k\u00e9r\u00fcnk, hogy a munka folyamatoss\u00e1ga \u00e9rdek\u00e9ben saj\u00e1t iskolai c\u00edm\u00e9vel jelentkezzen be az adott tant\u00e1rgyi csoportjaiba, ha ezt eddig nem tette meg. A digit\u00e1lis tan\u00edt\u00e1si rendben \u00e9letbe l\u00e9pnek a tan\u00e9v elej\u00e9n m\u00f3dos\u00edtott h\u00e1zirend\u00fcnk erre vonatkoz\u00f3 el\u0151\u00edr\u00e1sai. Mindenkit k\u00e9r\u00fcnk, hogy naponta t\u00f6bbsz\u00f6r is figyelje a classroom fel\u00fcleteit, illetve saj\u00e1t iskolai e-mail c\u00edm\u00e9t, hiszen ezeken a csatorn\u00e1kon mindig \u00e9rkezhetnek friss \u00fczenetek, feladatok. Mindenki figyelm\u00e9t k\u00fcl\u00f6n felh\u00edvjuk, hogy az \u00e9l\u0151 \u00f3r\u00e1kon k\u00f6telez\u0151 a szem\u00e9lyes jelenl\u00e9t, a k\u00e9p \u00e9s a hang biztos\u00edt\u00e1s\u00e1val. A t\u00e1voll\u00e9t\u00e9t, hi\u00e1nyz\u00e1s\u00e1t minden tanul\u00f3nak az \u00f3ra el\u0151tt kell jelezni, vagy ut\u00f3lag a hi\u00e1nyz\u00e1st indokolni \u00e9s igazolni. Nagyon fontos a kapcsolattart\u00e1s szempontj\u00e1b\u00f3l a visszajelz\u00e9s. \u00cdrj\u00e1tok meg v\u00e1laszk\u00e9nt tan\u00e1raitoknak, ha a leck\u00e9t, egy\u00e9b feladatokat vagy ak\u00e1r egy \u00fczenetet id\u0151ben megkaptatok.&nbsp;<\/p>\n\n\n\n<p>A menz\u00e1n \u00e9tkez\u0151 tanul\u00f3ink maguk int\u00e9zz\u00e9k el az \u00e9tkeztet\u00e9ssel kapcsolatos minden adminisztr\u00e1ci\u00f3t. Jelen tud\u00e1sunk szerint az \u00e9tkeztet\u00e9s jellege \u00e9s m\u00f3dszere nem fog v\u00e1ltozni. Ha valaki le k\u00edv\u00e1nja azt mondani, vegye fel a kapcsolatot az azt szervez\u0151 szolg\u00e1ltat\u00f3val telefonon vagy e-mailen.<\/p>\n\n\n\n<p>Az 5-8. \u00e9vfolyam tanul\u00f3inak szem\u00e9lyesen kell l\u00e1togatni az iskol\u00e1t. Sz\u00e1mukra a d\u00e9lut\u00e1ni napk\u00f6zis foglalkoz\u00e1sokat is megtartjuk, s \u00e1tk\u00eds\u00e9rj\u00fck \u0151ket a menz\u00e1ra is. Az iskolai b\u00fcf\u00e9 november 11-t\u0151l egy ideig nem fog \u00fczemelni, ez\u00e9rt megk\u00e9rj\u00fck a kisgimnazist\u00e1kat, hogy gondoskodjanak otthonr\u00f3l hozott \u00e9lelemmel a t\u00edz\u00f3rair\u00f3l \u00e9s az uzsonn\u00e1r\u00f3l.<\/p>\n\n\n\n<p>Jelen helyzetben az int\u00e9zm\u00e9ny \u00fagy d\u00f6nt\u00f6tt, hogy nem tartjuk meg a november 14-re tervezett szombati tan\u00edt\u00e1si napot. Erre a tervek szerint az\u00e9rt lett volna sz\u00fcks\u00e9g, hogy a leend\u0151 \u00f6t\u00f6dikesek \u00e9s kilencedikesek ny\u00edlt nap keret\u00e9ben megismerkedhessenek a gimn\u00e1ziummal. Vend\u00e9geket eleve nem fogadhattunk volna, s most r\u00e1ad\u00e1sul az iskola tanul\u00f3inak legnagyobb r\u00e9sze sem j\u00f6het be az \u00e9p\u00fcletbe. A tan\u00edt\u00e1si nap p\u00f3tl\u00e1s\u00e1ra december 12-\u00e9n, szombaton, az \u00e1llam \u00e1ltal aj\u00e1nlott hivatalos munkanapon ker\u00fcl sor. Mindenkinek kitart\u00e1st \u00e9s j\u00f3 eg\u00e9szs\u00e9get k\u00edv\u00e1nunk!<\/p>\n\n\n\n<figure class=\"wp-block-image size-large\"><img loading=\"lazy\" decoding=\"async\" width=\"1024\" height=\"576\" src=\"http:\/\/illyes-dombovar.hu\/honlap\/wp-content\/uploads\/2020\/11\/IMG_20201110_112833-1024x576.jpg\" alt=\"\" class=\"wp-image-11026\" srcset=\"http:\/\/illyes-dombovar.hu\/honlap\/wp-content\/uploads\/2020\/11\/IMG_20201110_112833-1024x576.jpg 1024w, http:\/\/illyes-dombovar.hu\/honlap\/wp-content\/uploads\/2020\/11\/IMG_20201110_112833-300x169.jpg 300w, http:\/\/illyes-dombovar.hu\/honlap\/wp-content\/uploads\/2020\/11\/IMG_20201110_112833-768x432.jpg 768w, http:\/\/illyes-dombovar.hu\/honlap\/wp-content\/uploads\/2020\/11\/IMG_20201110_112833-1536x864.jpg 1536w, http:\/\/illyes-dombovar.hu\/honlap\/wp-content\/uploads\/2020\/11\/IMG_20201110_112833-2048x1152.jpg 2048w, http:\/\/illyes-dombovar.hu\/honlap\/wp-content\/uploads\/2020\/11\/IMG_20201110_112833-533x300.jpg 533w\" sizes=\"auto, (max-width: 1024px) 100vw, 1024px\" \/><\/figure>\n","protected":false},"excerpt":{"rendered":"<p>Int\u00e9zm\u00e9ny\u00fcnk 9-12. \u00e9vfolyama a korm\u00e1ny d\u00f6nt\u00e9se alapj\u00e1n 2020. november 11-\u00e9n ism\u00e9t digit\u00e1lis oktat\u00e1sra v\u00e1lt \u00e1t. Mindenkit k\u00e9r\u00fcnk, hogy a munka folyamatoss\u00e1ga \u00e9rdek\u00e9ben saj\u00e1t iskolai c\u00edm\u00e9vel jelentkezzen be az adott tant\u00e1rgyi [&hellip;]<\/p>\n","protected":false},"author":2,"featured_media":11025,"comment_status":"closed","ping_status":"closed","sticky":false,"template":"","format":"standard","meta":{"ngg_post_thumbnail":0,"footnotes":""},"categories":[1],"tags":[],"class_list":["post-11024","post","type-post","status-publish","format-standard","has-post-thumbnail","hentry","category-uncategorized"],"_links":{"self":[{"href":"http:\/\/illyes-dombovar.hu\/honlap\/wp-json\/wp\/v2\/posts\/11024","targetHints":{"allow":["GET"]}}],"collection":[{"href":"http:\/\/illyes-dombovar.hu\/honlap\/wp-json\/wp\/v2\/posts"}],"about":[{"href":"http:\/\/illyes-dombovar.hu\/honlap\/wp-json\/wp\/v2\/types\/post"}],"author":[{"embeddable":true,"href":"http:\/\/illyes-dombovar.hu\/honlap\/wp-json\/wp\/v2\/users\/2"}],"replies":[{"embeddable":true,"href":"http:\/\/illyes-dombovar.hu\/honlap\/wp-json\/wp\/v2\/comments?post=11024"}],"version-history":[{"count":1,"href":"http:\/\/illyes-dombovar.hu\/honlap\/wp-json\/wp\/v2\/posts\/11024\/revisions"}],"predecessor-version":[{"id":11027,"href":"http:\/\/illyes-dombovar.hu\/honlap\/wp-json\/wp\/v2\/posts\/11024\/revisions\/11027"}],"wp:featuredmedia":[{"embeddable":true,"href":"http:\/\/illyes-dombovar.hu\/honlap\/wp-json\/wp\/v2\/media\/11025"}],"wp:attachment":[{"href":"http:\/\/illyes-dombovar.hu\/honlap\/wp-json\/wp\/v2\/media?parent=11024"}],"wp:term":[{"taxonomy":"category","embeddable":true,"href":"http:\/\/illyes-dombovar.hu\/honlap\/wp-json\/wp\/v2\/categories?post=11024"},{"taxonomy":"post_tag","embeddable":true,"href":"http:\/\/illyes-dombovar.hu\/honlap\/wp-json\/wp\/v2\/tags?post=11024"}],"curies":[{"name":"wp","href":"https:\/\/api.w.org\/{rel}","templated":true}]}}